{"id":9963,"date":"2021-10-13T18:42:39","date_gmt":"2021-10-13T16:42:39","guid":{"rendered":"https:\/\/www.tsv-assamstadt.de\/?p=9963"},"modified":"2021-11-18T20:19:17","modified_gmt":"2021-11-18T19:19:17","slug":"fuer-den-guten-zweck-lutz-wagner-und-stepi-live-in-assamstadt","status":"publish","type":"post","link":"https:\/\/www.tsv-assamstadt.de\/?p=9963","title":{"rendered":"F\u00fcr den guten Zweck &#8211; Lutz Wagner und Stepi Live in Assamstadt"},"content":{"rendered":"\n<p>Am Samstag, den 9. April 2022 um 19:30 Uhr werden Lutz Wagner und Dragoslav \u201eStepi\u201c Stepanovi\u0107 f\u00fcr den guten Zweck&nbsp; in der Asmundhalle in Assamstadt zu Gast sein.<\/p>\n<p>Die an dem Abend gesammelten Einnahmen werden in erster Line an regionale Einrichtungen gespendet, in denen schwer behinderte Kinder und Jugendliche behandelt und betreut werden. Deswegen freut es uns sehr, dass neben dem Ex-Bundesligaschiedsrichter Lutz Wagner auch der ehemalige Trainer von Eintracht Frankfurt und Bayer Leverkusen, Stepi, f\u00fcr den guten Zweck zugesagt hat.&nbsp;<\/p>\n<p>Nicht nur Vortr\u00e4ge, sondern auch durch eine lebendige und unterhaltsame Talkrunde mit den zwei G\u00e4sten soll der Abend zu einem vollen Erfolg werden. Selbstverst\u00e4ndlich k\u00f6nnen die Zuschauer dabei auch Fragen stellen. Zus\u00e4tzlich werden verschiedene Preise verlost, Trikots versteigert, aber auch Autogramme und Fotos mit beiden G\u00e4sten sind m\u00f6glich.&nbsp;<\/p>\n<p>Weitere Infos sind in der Facebook-Gruppe &#8222;Stepi und Lutz Wagner im Dienst der guten Sache&#8220; (<a href=\"https:\/\/www.facebook.com\/groups\/258031986207012\/\">Facebook-Gruppe<\/a>) oder in der Facebook-Veranstaltung &#8222;In Assamstadt im Einsatz f\u00fcr die gute Sache: Stepi und Lutz Wagner live und zum Anfassen&#8220; (<a href=\"https:\/\/www.facebook.com\/events\/263308942334048\/?ref=newsfeed\">Facebook-Veranstaltung<\/a>) zu finden.<\/p>\n<p>&nbsp;<\/p>\n<p>F\u00fcr den Abend wird es einen Kartenvorverkauf geben. Dessen Start wird aber rechtzeitig in den verschiedensten Medien geteilt.<\/p>\n<p>Wer jetzt schon Fragen hat, kann sich gerne ab sofort unter folgender E-Mail-Adresse&nbsp; oder auf unserer Facebook-Seite melden:<br>benefiz-tsvassamstadt@t-online.de<\/p>\n","protected":false},"excerpt":{"rendered":"<p>Am Samstag, den 9. April 2022 um 19:30 Uhr werden Lutz Wagner und Dragoslav \u201eStepi\u201c Stepanovi\u0107 f\u00fcr den guten Zweck&nbsp; in der Asmundhalle in Assamstadt zu Gast sein. Die an &hellip; <a href=\"https:\/\/www.tsv-assamstadt.de\/?p=9963\" class=\"more-link\"><span class=\"screen-reader-text\">F\u00fcr den guten Zweck &#8211; Lutz Wagner und Stepi Live in Assamstadt<\/span> weiterlesen <span class=\"meta-nav\">&rarr;<\/span><\/a><\/p>\n","protected":false},"author":41,"featured_media":9964,"comment_status":"closed","ping_status":"closed","sticky":false,"template":"","format":"standard","meta":{"ngg_post_thumbnail":0,"jetpack_post_was_ever_published":false,"_jetpack_newsletter_access":"","_jetpack_dont_email_post_to_subs":false,"_jetpack_newsletter_tier_id":0,"_jetpack_memberships_contains_paywalled_content":false,"_jetpack_memberships_contains_paid_content":false,"footnotes":"","jetpack_publicize_message":"","jetpack_publicize_feature_enabled":true,"jetpack_social_post_already_shared":true,"jetpack_social_options":{"image_generator_settings":{"template":"highway","default_image_id":0,"font":"","enabled":false},"version":2}},"categories":[1],"tags":[66],"class_list":["post-9963","post","type-post","status-publish","format-standard","has-post-thumbnail","hentry","category-allgemein","tag-highlight"],"jetpack_publicize_connections":[],"jetpack_featured_media_url":"https:\/\/www.tsv-assamstadt.de\/wp-content\/uploads\/2021\/10\/LUTZ-WAGNER-UND-STEPI-LIVE-IN-ASSAMSTADT.png","jetpack_sharing_enabled":true,"jetpack_shortlink":"https:\/\/wp.me\/pcugUJ-2AH","_links":{"self":[{"href":"https:\/\/www.tsv-assamstadt.de\/index.php?rest_route=\/wp\/v2\/posts\/9963","targetHints":{"allow":["GET"]}}],"collection":[{"href":"https:\/\/www.tsv-assamstadt.de\/index.php?rest_route=\/wp\/v2\/posts"}],"about":[{"href":"https:\/\/www.tsv-assamstadt.de\/index.php?rest_route=\/wp\/v2\/types\/post"}],"author":[{"embeddable":true,"href":"https:\/\/www.tsv-assamstadt.de\/index.php?rest_route=\/wp\/v2\/users\/41"}],"replies":[{"embeddable":true,"href":"https:\/\/www.tsv-assamstadt.de\/index.php?rest_route=%2Fwp%2Fv2%2Fcomments&post=9963"}],"version-history":[{"count":0,"href":"https:\/\/www.tsv-assamstadt.de\/index.php?rest_route=\/wp\/v2\/posts\/9963\/revisions"}],"wp:featuredmedia":[{"embeddable":true,"href":"https:\/\/www.tsv-assamstadt.de\/index.php?rest_route=\/wp\/v2\/media\/9964"}],"wp:attachment":[{"href":"https:\/\/www.tsv-assamstadt.de\/index.php?rest_route=%2Fwp%2Fv2%2Fmedia&parent=9963"}],"wp:term":[{"taxonomy":"category","embeddable":true,"href":"https:\/\/www.tsv-assamstadt.de\/index.php?rest_route=%2Fwp%2Fv2%2Fcategories&post=9963"},{"taxonomy":"post_tag","embeddable":true,"href":"https:\/\/www.tsv-assamstadt.de\/index.php?rest_route=%2Fwp%2Fv2%2Ftags&post=9963"}],"curies":[{"name":"wp","href":"https:\/\/api.w.org\/{rel}","templated":true}]}}