{"id":9930,"date":"2021-09-28T08:13:09","date_gmt":"2021-09-28T06:13:09","guid":{"rendered":"https:\/\/www.tsv-assamstadt.de\/?p=9930"},"modified":"2021-09-28T08:13:10","modified_gmt":"2021-09-28T06:13:10","slug":"unglueckliche-niederlage-in-unterzahl","status":"publish","type":"post","link":"https:\/\/www.tsv-assamstadt.de\/?p=9930","title":{"rendered":"Ungl\u00fcckliche Niederlage in Unterzahl"},"content":{"rendered":"\n<p>SpG Rauenberg\/Boxtal \u2013 TSV Assamstadt 2&nbsp;&nbsp;&nbsp;&nbsp;&nbsp;&nbsp;&nbsp;&nbsp;&nbsp;&nbsp;&nbsp;&nbsp;&nbsp;&nbsp;&nbsp; 2:1<\/p>\n\n\n\n<p>Am vergangenen Wochenende waren wir zu Gast in Rauenberg bei der SpG Rauenberg\/Boxtal. Nach gutem Beginn gingen wir nach 16 Minuten, nach sch\u00f6ner Hereingabe durch ein Eigentor in F\u00fchrung. Dann mussten wir bereits in der 21. Minute eine rote Karte hinnehmen. Diese war aus unserer Sicht sehr ungl\u00fccklich und man h\u00e4tte hier vermutlich mit etwas Fingerspitzengef\u00fchl des Schiedsrichters in Unterzahl geraten m\u00fcssen. Nach 30 Minuten musste man nach einer Unkonzentriertheit im eigenen Aufbauspiel durch den darauf folgenden Konter dann das 1:1 hinnehmen.<\/p>\n\n\n\n<p>In der zweiten Halbzeit hat man durch eine sehr disziplinierte und k\u00e4mpferische Abwehrleistung nur ein paar Halbchancen der Heimelf zugelassen, von welcher keine wirkliche Gefahr ausging. So hielt man sehr lange das durchaus verdiente 1:1. Bis sich dann in der 87. Minute der Schiedsrichter dazu entschloss, der Partie nochmal eine Wende zu geben. Nach einem Freisto\u00df der Gastgeber, gingen jeweils ein Spieler der Heim-, sowie der Gastmannschaft zu Boden. Der Schiedsrichter zeigte daraufhin direkt auf den Elfmeterpunkt. Diese Entscheidung wurde nicht nur von uns als sehr willk\u00fcrlich, sondern auch von der gegnerischen Bank empfunden. Den darauf folgenden Elfmeter konnte Oliver F\u00f6hl, der f\u00fcr den in der 21. Minute vom Platz gestellten Niko Dei\u00dfler im Tor stand leider nicht halten, obwohl er die richtige Ecke erahnt hatte und nur ein paar Zentimeter fehlten.<\/p>\n\n\n\n<p>So steht man nach 90 Minuten und gro\u00dfem Kampf durch eine fragw\u00fcrdigen Schiedsrichterleistung mit leeren H\u00e4nden da.<\/p>\n\n\n\n<p>Unter der Woche geht es dann am Mittwoch um 18:30 Uhr im Pokalviertelfinale gegen den Kreisligisten aus Kreuzwertheim und bereits am Freitag schon wieder um 18:30 Uhr gegen die zweite Mannschaft der Spielgemeinschaft aus Windischbuch und Schwabhausen. Beide Spiele finden bei uns im Waldstadion statt.<\/p>\n\n\n\n<p><strong>Vorschau:<\/strong><\/p>\n\n\n\n<p>Mittwoch, den 29. September 2021 um 18:30 Uhr<br>TSV Assamstadt 2 \u2013 TSV Kreuzwertheim<\/p>\n\n\n\n<p>Freitag, den 01. Oktober 2021 um 18:30 Uhr<br>TSV Assamstadt 2 \u2013 SpG Windischbuch\/Schwabh. 2<\/p>\n","protected":false},"excerpt":{"rendered":"<p>SpG Rauenberg\/Boxtal \u2013 TSV Assamstadt 2&nbsp;&nbsp;&nbsp;&nbsp;&nbsp;&nbsp;&nbsp;&nbsp;&nbsp;&nbsp;&nbsp;&nbsp;&nbsp;&nbsp;&nbsp; 2:1 Am vergangenen Wochenende waren wir zu Gast in Rauenberg bei der SpG Rauenberg\/Boxtal. Nach gutem Beginn gingen wir nach 16 Minuten, nach sch\u00f6ner &hellip; <a href=\"https:\/\/www.tsv-assamstadt.de\/?p=9930\" class=\"more-link\"><span class=\"screen-reader-text\">Ungl\u00fcckliche Niederlage in Unterzahl<\/span> weiterlesen <span class=\"meta-nav\">&rarr;<\/span><\/a><\/p>\n","protected":false},"author":45,"featured_media":9834,"comment_status":"closed","ping_status":"closed","sticky":false,"template":"","format":"standard","meta":{"ngg_post_thumbnail":0,"jetpack_post_was_ever_published":false,"_jetpack_newsletter_access":"","_jetpack_dont_email_post_to_subs":false,"_jetpack_newsletter_tier_id":0,"_jetpack_memberships_contains_paywalled_content":false,"_jetpack_memberships_contains_paid_content":false,"footnotes":"","jetpack_publicize_message":"","jetpack_publicize_feature_enabled":true,"jetpack_social_post_already_shared":true,"jetpack_social_options":{"image_generator_settings":{"template":"highway","default_image_id":0,"font":"","enabled":false},"version":2}},"categories":[3,1,69],"tags":[66],"class_list":["post-9930","post","type-post","status-publish","format-standard","has-post-thumbnail","hentry","category-2-mannschaft","category-allgemein","category-fusball","tag-highlight"],"jetpack_publicize_connections":[],"jetpack_featured_media_url":"https:\/\/www.tsv-assamstadt.de\/wp-content\/uploads\/2021\/08\/TSVAss2-2122-scaled-e1629118330919.jpg","jetpack_sharing_enabled":true,"jetpack_shortlink":"https:\/\/wp.me\/pcugUJ-2Aa","_links":{"self":[{"href":"https:\/\/www.tsv-assamstadt.de\/index.php?rest_route=\/wp\/v2\/posts\/9930","targetHints":{"allow":["GET"]}}],"collection":[{"href":"https:\/\/www.tsv-assamstadt.de\/index.php?rest_route=\/wp\/v2\/posts"}],"about":[{"href":"https:\/\/www.tsv-assamstadt.de\/index.php?rest_route=\/wp\/v2\/types\/post"}],"author":[{"embeddable":true,"href":"https:\/\/www.tsv-assamstadt.de\/index.php?rest_route=\/wp\/v2\/users\/45"}],"replies":[{"embeddable":true,"href":"https:\/\/www.tsv-assamstadt.de\/index.php?rest_route=%2Fwp%2Fv2%2Fcomments&post=9930"}],"version-history":[{"count":0,"href":"https:\/\/www.tsv-assamstadt.de\/index.php?rest_route=\/wp\/v2\/posts\/9930\/revisions"}],"wp:featuredmedia":[{"embeddable":true,"href":"https:\/\/www.tsv-assamstadt.de\/index.php?rest_route=\/wp\/v2\/media\/9834"}],"wp:attachment":[{"href":"https:\/\/www.tsv-assamstadt.de\/index.php?rest_route=%2Fwp%2Fv2%2Fmedia&parent=9930"}],"wp:term":[{"taxonomy":"category","embeddable":true,"href":"https:\/\/www.tsv-assamstadt.de\/index.php?rest_route=%2Fwp%2Fv2%2Fcategories&post=9930"},{"taxonomy":"post_tag","embeddable":true,"href":"https:\/\/www.tsv-assamstadt.de\/index.php?rest_route=%2Fwp%2Fv2%2Ftags&post=9930"}],"curies":[{"name":"wp","href":"https:\/\/api.w.org\/{rel}","templated":true}]}}