{"id":8899,"date":"2019-12-09T18:56:50","date_gmt":"2019-12-09T17:56:50","guid":{"rendered":"http:\/\/www.tsv-assamstadt.de\/ng\/?p=8899"},"modified":"2019-12-09T18:56:51","modified_gmt":"2019-12-09T17:56:51","slug":"unglueckliche-niederlage-gegen-den-tabellenletzten-2-2","status":"publish","type":"post","link":"https:\/\/www.tsv-assamstadt.de\/?p=8899","title":{"rendered":"\u00dcberwintern auf Platz 5!"},"content":{"rendered":"\n<p lang=\"de-DE\">TSV Assamstadt II \u2013 FC Gr\u00fcnsfeld II 3:1<\/p>\n<p lang=\"de-DE\">Auch das zweite R\u00fcckrundenspiel der laufenden Saison konnten wir siegreich bestreiten und uns somit f\u00fcr die herbe Niederlage in der Hinrunde revanchieren!<\/p>\n<p lang=\"de-DE\">Im Vergleich zum letzten Spieltag waren wir von Beginn an wach. So entwickelte sich in der ersten H\u00e4lte eine ausgeglichene Partie, welche \u00fcberwiegend im Mittelfeld statt gefunden hat und kaum Torchancen aufzeigte. Die Abwehrreihen standen auf beiden Seiten gut und der tiefe Rasen machte einen Spielaufbau sehr schwierig. Somit ging es mit einem gerechten Remis in die Halbzeitpause.<\/p>\n<p lang=\"de-DE\">Die zweite H\u00e4lfte zeigte zu Beginn das gleiche Bild wie die erste Halbzeit \u2013 das Spiel war gepr\u00e4gt von vielen Fouls und Nicklichkeiten, da der Schiedsrichter leider von Beginn an nicht eindeutig durchgriff. Jedoch zeigten wir nun mehr Zug zum Tor und konnten uns in der 55. Minute selbst belohnen. Einen Angriff \u00fcber die rechte Flanke durch Yannik H\u00fcgel konnte Bastian Quenzer geschickt im Tor unterbringen. In der Folge \u00fcbernahmen wir die Partie und konnten weitere Angriffe verzeichnen. Nach einer sch\u00f6nen Kombination in der gegnerischen H\u00e4lfte konnte Yannik H\u00fcgel nur mit einem Foul im Strafraum gestoppt werden. Der f\u00e4llige Elfmeter sprang allerdings ungl\u00fccklich vom Innenpfosten wieder auf das Spielfeld zur\u00fcck. Wir zeigten jedoch weiterhin unseren Siegeswillen und hatten in der Folge mehrere M\u00f6glichkeiten. So dauerte es bis zur 72. Minute in welcher wir das 2:0 bejublen konnten. Ein Flachschuss durch Marcel Ansmann aus 20 Meter fand das Ziel in der linken unteren Torecke. Aufgrund der schmierigen Oberfl\u00e4che konnten die G\u00e4ste nur 2 Minunten sp\u00e4ter den alten Abstand wiederherstellen. Unser Torh\u00fcter rutschte im Strafraum aus und wusste den Gegenspieler nur noch per Foul am Einschuss zu hindern. Der f\u00e4llige Elfmeter wurde souver\u00e4n zum 2:1 verwandelt. Die Folge war ein Spiel, in welchem Gr\u00fcnsfeld II versuchte Druck aufzubauen und Chancen zu kreieren und wir auf gef\u00e4hrliche Konter lauerten. Einen dieser Konter haben wir in der 92. Spielminute erfolgreich zu Ende gespielt. \u00dcber Timo Beyer und Gabriel Rupp gelang der Ball letztendlich auf die rechte Au\u00dfenbahn, von welcher Uwe Weiland diesen \u00fcberlegt im langen Eck zum 3:1-Endstand einschieben konnte. <span lang=\"de-DE\">Wie auch beim ersten R\u00fcckrundenspiel war der Sieg aufgrund der starken k\u00e4mpferischen und l\u00e4uferischen Leistung verdient. <\/span><\/p>\n<p lang=\"de-DE\">Bereits jetzt m\u00f6chten wir uns f\u00fcr die starke Unters\u00fctzung unseres Fans bedanken, welche uns bei jedem Wetter, zuhause oder ausw\u00e4rts zahlreich unterst\u00fctzt haben! Durch euren R\u00fcckhalt konnten wir durchaus mehr Leistung auf den Rasen bringen. Vielen Dank!<\/p>\n<p lang=\"de-DE\">Wir stehen nun zur Winterpause mit sechs Siegen, f\u00fcnf Remis und vier Niederlagen auf dem 5. Tabellenplatz und haben durch die j\u00fcngesten Erfolge lediglich 4 Punkte R\u00fcckstand auf den Relegationsplatz! Unser erstes Spiel im Jahr 2020 bestreiten wir am 08.03. zuhause gegen die SpG Windischbuch\/Schwabhausen II.<\/p>\n<p lang=\"de-DE\">Vorschau:<br \/>Sonntag, 08. M\u00e4rz 2020 &#8211; 13:15 Uhr<br \/>TSV Assamstadt II \u2013 SpG Windischbuch\/Schwabhausen II<\/p>\n","protected":false},"excerpt":{"rendered":"<p>TSV Assamstadt II \u2013 FC Gr\u00fcnsfeld II 3:1 Auch das zweite R\u00fcckrundenspiel der laufenden Saison konnten wir siegreich bestreiten und uns somit f\u00fcr die herbe Niederlage in der Hinrunde revanchieren! &hellip; <a href=\"https:\/\/www.tsv-assamstadt.de\/?p=8899\" class=\"more-link\"><span class=\"screen-reader-text\">\u00dcberwintern auf Platz 5!<\/span> weiterlesen <span class=\"meta-nav\">&rarr;<\/span><\/a><\/p>\n","protected":false},"author":34,"featured_media":8755,"comment_status":"closed","ping_status":"closed","sticky":false,"template":"","format":"standard","meta":{"ngg_post_thumbnail":0,"jetpack_post_was_ever_published":false,"_jetpack_newsletter_access":"","_jetpack_dont_email_post_to_subs":false,"_jetpack_newsletter_tier_id":0,"_jetpack_memberships_contains_paywalled_content":false,"_jetpack_memberships_contains_paid_content":false,"footnotes":"","jetpack_publicize_message":"","jetpack_publicize_feature_enabled":true,"jetpack_social_post_already_shared":true,"jetpack_social_options":{"image_generator_settings":{"template":"highway","default_image_id":0,"font":"","enabled":false},"version":2}},"categories":[3,1,69],"tags":[66],"class_list":["post-8899","post","type-post","status-publish","format-standard","has-post-thumbnail","hentry","category-2-mannschaft","category-allgemein","category-fusball","tag-highlight"],"jetpack_publicize_connections":[],"jetpack_featured_media_url":"https:\/\/www.tsv-assamstadt.de\/wp-content\/uploads\/2019\/09\/TSV_Mannschaftsbild.jpg","jetpack_sharing_enabled":true,"jetpack_shortlink":"https:\/\/wp.me\/pcugUJ-2jx","_links":{"self":[{"href":"https:\/\/www.tsv-assamstadt.de\/index.php?rest_route=\/wp\/v2\/posts\/8899","targetHints":{"allow":["GET"]}}],"collection":[{"href":"https:\/\/www.tsv-assamstadt.de\/index.php?rest_route=\/wp\/v2\/posts"}],"about":[{"href":"https:\/\/www.tsv-assamstadt.de\/index.php?rest_route=\/wp\/v2\/types\/post"}],"author":[{"embeddable":true,"href":"https:\/\/www.tsv-assamstadt.de\/index.php?rest_route=\/wp\/v2\/users\/34"}],"replies":[{"embeddable":true,"href":"https:\/\/www.tsv-assamstadt.de\/index.php?rest_route=%2Fwp%2Fv2%2Fcomments&post=8899"}],"version-history":[{"count":0,"href":"https:\/\/www.tsv-assamstadt.de\/index.php?rest_route=\/wp\/v2\/posts\/8899\/revisions"}],"wp:featuredmedia":[{"embeddable":true,"href":"https:\/\/www.tsv-assamstadt.de\/index.php?rest_route=\/wp\/v2\/media\/8755"}],"wp:attachment":[{"href":"https:\/\/www.tsv-assamstadt.de\/index.php?rest_route=%2Fwp%2Fv2%2Fmedia&parent=8899"}],"wp:term":[{"taxonomy":"category","embeddable":true,"href":"https:\/\/www.tsv-assamstadt.de\/index.php?rest_route=%2Fwp%2Fv2%2Fcategories&post=8899"},{"taxonomy":"post_tag","embeddable":true,"href":"https:\/\/www.tsv-assamstadt.de\/index.php?rest_route=%2Fwp%2Fv2%2Ftags&post=8899"}],"curies":[{"name":"wp","href":"https:\/\/api.w.org\/{rel}","templated":true}]}}