{"id":8896,"date":"2019-12-03T08:49:43","date_gmt":"2019-12-03T07:49:43","guid":{"rendered":"http:\/\/www.tsv-assamstadt.de\/ng\/?p=8896"},"modified":"2019-12-03T08:49:46","modified_gmt":"2019-12-03T07:49:46","slug":"verdienter-heimsieg-5-2-2-3-2-2-2-2-2-2-2-2-2-3-2-2-2-2-2-2-2-2-2-2-2-2-2-2-2-2-2-2-2-2-2-2-2-2-2-2-3-2-2-2-2-2-2-2-2-2-2-2-2-3-2-2-2-2-2-2-2-2-2-9","status":"publish","type":"post","link":"https:\/\/www.tsv-assamstadt.de\/?p=8896","title":{"rendered":"Erster Ausw\u00e4rtssieg!!"},"content":{"rendered":"<p>FV ELZTAL \u2013 TSV ASSAMSTADT 0:2<\/p>\n<p>Vergangenen Sonntag war es im tiefsten Odenwald endlich soweit, als wir in Dallau unsere ersten 3 Ausw\u00e4rtspunkte der Saison holen konnten. Bei schwer bespielbarem Platz kamen wir in den Anfangsminuten nicht in die G\u00e4nge und konnten uns beim Pfosten bedanken, der uns vor einem R\u00fcckstand bewahrte. Mit dem ersten nennenswerten Angriff nach einer knappen Viertelstunde fiel aus dem Gew\u00fchl nach Vorlage von J. Wagner der F\u00fchrungstreffer durch Kapit\u00e4n M. Ansmann. Zu diesem Zeitpunkt eine schmeichelhafte F\u00fchrung, welche uns vorerst die n\u00f6tige Sicherheit geben sollte. Wenig sp\u00e4ter aber der n\u00e4chste Aluminiumtreffer der Heimmannschaft, welcher nicht den Weg ins Tor fand. In der Folge neutralisierten sich beide Mannschaften, ohne dabei zwingende Chancen zu erspielen.<\/p>\n<p>Mit zunehmender Spieldauer wurde das Spiel ruppiger gef\u00fchrt und immer wieder durch Fouls unterbrochen. In den letzten Minuten warf die Heimmannschaft alles nach vorne, wurde aber im Stile einer Spitzenmannschaft ausgekontert und so durften wir kurz vor Spielende das beruhigende 0:2 durch M. Tremmel bejubeln, was gleichzeitig auch das Endergebnis war.<\/p>\n<p>Wir beenden die erste Halbserie der Saison auf einem sehr guten 7. Platz mit 21 Punkten. Wir m\u00f6chten uns f\u00fcr die gro\u00dfartige Unterst\u00fctzung seitens der Fans \u00fcber das komplette Jahr bedanken und hoffen, dass ihr uns auch weiterhin beim Ziel Klassenerhalt unterst\u00fctzt.<\/p>\n<p><b>Vorschau:<\/b><\/p>\n<p>Sonntag, 08. M\u00e4rz um 15:00 gegen Uissigheim<\/p>\n<p>TSV Assamstadt \u2013 VfR Uissigheim<\/p>\n","protected":false},"excerpt":{"rendered":"<p>FV ELZTAL \u2013 TSV ASSAMSTADT 0:2 Vergangenen Sonntag war es im tiefsten Odenwald endlich soweit, als wir in Dallau unsere ersten 3 Ausw\u00e4rtspunkte der Saison holen konnten. Bei schwer bespielbarem &hellip; <a href=\"https:\/\/www.tsv-assamstadt.de\/?p=8896\" class=\"more-link\"><span class=\"screen-reader-text\">Erster Ausw\u00e4rtssieg!!<\/span> weiterlesen <span class=\"meta-nav\">&rarr;<\/span><\/a><\/p>\n","protected":false},"author":9,"featured_media":8748,"comment_status":"closed","ping_status":"closed","sticky":false,"template":"","format":"standard","meta":{"ngg_post_thumbnail":0,"jetpack_post_was_ever_published":false,"_jetpack_newsletter_access":"","_jetpack_dont_email_post_to_subs":false,"_jetpack_newsletter_tier_id":0,"_jetpack_memberships_contains_paywalled_content":false,"_jetpack_memberships_contains_paid_content":false,"footnotes":"","jetpack_publicize_message":"","jetpack_publicize_feature_enabled":true,"jetpack_social_post_already_shared":true,"jetpack_social_options":{"image_generator_settings":{"template":"highway","default_image_id":0,"font":"","enabled":false},"version":2}},"categories":[2,1,69],"tags":[66],"class_list":["post-8896","post","type-post","status-publish","format-standard","has-post-thumbnail","hentry","category-1-mannschaft","category-allgemein","category-fusball","tag-highlight"],"jetpack_publicize_connections":[],"jetpack_featured_media_url":"https:\/\/www.tsv-assamstadt.de\/wp-content\/uploads\/2019\/09\/TSV-I_19-20_kompr.jpg","jetpack_sharing_enabled":true,"jetpack_shortlink":"https:\/\/wp.me\/pcugUJ-2ju","_links":{"self":[{"href":"https:\/\/www.tsv-assamstadt.de\/index.php?rest_route=\/wp\/v2\/posts\/8896","targetHints":{"allow":["GET"]}}],"collection":[{"href":"https:\/\/www.tsv-assamstadt.de\/index.php?rest_route=\/wp\/v2\/posts"}],"about":[{"href":"https:\/\/www.tsv-assamstadt.de\/index.php?rest_route=\/wp\/v2\/types\/post"}],"author":[{"embeddable":true,"href":"https:\/\/www.tsv-assamstadt.de\/index.php?rest_route=\/wp\/v2\/users\/9"}],"replies":[{"embeddable":true,"href":"https:\/\/www.tsv-assamstadt.de\/index.php?rest_route=%2Fwp%2Fv2%2Fcomments&post=8896"}],"version-history":[{"count":0,"href":"https:\/\/www.tsv-assamstadt.de\/index.php?rest_route=\/wp\/v2\/posts\/8896\/revisions"}],"wp:featuredmedia":[{"embeddable":true,"href":"https:\/\/www.tsv-assamstadt.de\/index.php?rest_route=\/wp\/v2\/media\/8748"}],"wp:attachment":[{"href":"https:\/\/www.tsv-assamstadt.de\/index.php?rest_route=%2Fwp%2Fv2%2Fmedia&parent=8896"}],"wp:term":[{"taxonomy":"category","embeddable":true,"href":"https:\/\/www.tsv-assamstadt.de\/index.php?rest_route=%2Fwp%2Fv2%2Fcategories&post=8896"},{"taxonomy":"post_tag","embeddable":true,"href":"https:\/\/www.tsv-assamstadt.de\/index.php?rest_route=%2Fwp%2Fv2%2Ftags&post=8896"}],"curies":[{"name":"wp","href":"https:\/\/api.w.org\/{rel}","templated":true}]}}