{"id":8869,"date":"2019-11-12T14:27:14","date_gmt":"2019-11-12T13:27:14","guid":{"rendered":"http:\/\/www.tsv-assamstadt.de\/ng\/?p=8869"},"modified":"2019-11-12T14:27:16","modified_gmt":"2019-11-12T13:27:16","slug":"die-a-jugend-feiert-die-herbstmeisterschaft","status":"publish","type":"post","link":"https:\/\/www.tsv-assamstadt.de\/?p=8869","title":{"rendered":"Die A-Jugend feiert DIE HerbstmeisterschafT"},"content":{"rendered":"\n<p><strong>Die A-Jugend feiert Herbstmeisterschaft in der Kreisliga TBB:<\/strong><br>Unsere U19 hat die Vorrunde als Tabellenf\u00fchrer abgeschlossen.<br>Das Team hat mit 6 Siegen in Folge und nur einer Niederlage eine tolle Hinrunde gespielt. Wir stehen mit 18 Punkten und 2 Punkten Vorsprung vor Buchen auf Platz 1. Zus\u00e4tzlich stellt die Mannschaft um Kapit\u00e4n Chris Schaller mit Yannick Braun aktuell den F\u00fchrenden der &gt; Torsch\u00fctzenliste mit 14 Treffern.<\/p>\n<p>\u00dcbrigens: Wer die Mannschaft mal wieder live sehen m\u00f6chte, wir spielen am 22.12. in Mulfingen und am 27.12. in Niederstetten die beiden Jako Hallen Masters Cups. Der Sieger qualifiziert sich f\u00fcr das Bundesligaturnier Anfang Januar, ebenfalls in Mulfingen. Hier sieht man alle Nachwuchskicker der Region.<\/p>\n<p>Zu guter Letzt, save the date: Die Jungs stehen auch im Kreispokalfinale am 21.05.2020 (Christi Himmelfahrt\/Vatertag). Der neutrale Spielort wird noch bekannt gegeben.<br>Wir hoffen dort auf die Unterst\u00fctzung zahlreicher TSV Fans.<\/p>\n","protected":false},"excerpt":{"rendered":"<p>Die A-Jugend feiert Herbstmeisterschaft in der Kreisliga TBB:Unsere U19 hat die Vorrunde als Tabellenf\u00fchrer abgeschlossen.Das Team hat mit 6 Siegen in Folge und nur einer Niederlage eine tolle Hinrunde gespielt. &hellip; <a href=\"https:\/\/www.tsv-assamstadt.de\/?p=8869\" class=\"more-link\"><span class=\"screen-reader-text\">Die A-Jugend feiert DIE HerbstmeisterschafT<\/span> weiterlesen <span class=\"meta-nav\">&rarr;<\/span><\/a><\/p>\n","protected":false},"author":7,"featured_media":8868,"comment_status":"closed","ping_status":"closed","sticky":false,"template":"","format":"standard","meta":{"ngg_post_thumbnail":0,"jetpack_post_was_ever_published":false,"_jetpack_newsletter_access":"","_jetpack_dont_email_post_to_subs":false,"_jetpack_newsletter_tier_id":0,"_jetpack_memberships_contains_paywalled_content":false,"_jetpack_memberships_contains_paid_content":false,"footnotes":"","jetpack_publicize_message":"Die A-Jugend feiert die Herbstmeisterschaft","jetpack_publicize_feature_enabled":true,"jetpack_social_post_already_shared":true,"jetpack_social_options":{"image_generator_settings":{"template":"highway","default_image_id":0,"font":"","enabled":false},"version":2}},"categories":[4,1,69],"tags":[66],"class_list":["post-8869","post","type-post","status-publish","format-standard","has-post-thumbnail","hentry","category-a-jugend","category-allgemein","category-fusball","tag-highlight"],"jetpack_publicize_connections":[],"jetpack_featured_media_url":"https:\/\/www.tsv-assamstadt.de\/wp-content\/uploads\/2019\/11\/Teamfoto-SG-2019-2020-e1573564843426.jpg","jetpack_sharing_enabled":true,"jetpack_shortlink":"https:\/\/wp.me\/pcugUJ-2j3","_links":{"self":[{"href":"https:\/\/www.tsv-assamstadt.de\/index.php?rest_route=\/wp\/v2\/posts\/8869","targetHints":{"allow":["GET"]}}],"collection":[{"href":"https:\/\/www.tsv-assamstadt.de\/index.php?rest_route=\/wp\/v2\/posts"}],"about":[{"href":"https:\/\/www.tsv-assamstadt.de\/index.php?rest_route=\/wp\/v2\/types\/post"}],"author":[{"embeddable":true,"href":"https:\/\/www.tsv-assamstadt.de\/index.php?rest_route=\/wp\/v2\/users\/7"}],"replies":[{"embeddable":true,"href":"https:\/\/www.tsv-assamstadt.de\/index.php?rest_route=%2Fwp%2Fv2%2Fcomments&post=8869"}],"version-history":[{"count":0,"href":"https:\/\/www.tsv-assamstadt.de\/index.php?rest_route=\/wp\/v2\/posts\/8869\/revisions"}],"wp:featuredmedia":[{"embeddable":true,"href":"https:\/\/www.tsv-assamstadt.de\/index.php?rest_route=\/wp\/v2\/media\/8868"}],"wp:attachment":[{"href":"https:\/\/www.tsv-assamstadt.de\/index.php?rest_route=%2Fwp%2Fv2%2Fmedia&parent=8869"}],"wp:term":[{"taxonomy":"category","embeddable":true,"href":"https:\/\/www.tsv-assamstadt.de\/index.php?rest_route=%2Fwp%2Fv2%2Fcategories&post=8869"},{"taxonomy":"post_tag","embeddable":true,"href":"https:\/\/www.tsv-assamstadt.de\/index.php?rest_route=%2Fwp%2Fv2%2Ftags&post=8869"}],"curies":[{"name":"wp","href":"https:\/\/api.w.org\/{rel}","templated":true}]}}