{"id":8803,"date":"2019-10-14T14:29:41","date_gmt":"2019-10-14T12:29:41","guid":{"rendered":"http:\/\/www.tsv-assamstadt.de\/ng\/?p=8803"},"modified":"2019-10-14T14:29:41","modified_gmt":"2019-10-14T12:29:41","slug":"nun-seit-6-spielen-ungeschlagen","status":"publish","type":"post","link":"https:\/\/www.tsv-assamstadt.de\/?p=8803","title":{"rendered":"Nun seit 6 Spielen ungeschlagen!"},"content":{"rendered":"<p><strong>TSV Assamstadt II \u2013 SV Distelhausen\u00a0\u00a0\u00a0\u00a0\u00a0\u00a0\u00a0\u00a0\u00a0\u00a0 \u00a0\u00a0\u00a0\u00a0\u00a0\u00a0\u00a0\u00a0\u00a0\u00a0\u00a0 1:1<\/strong><\/p>\n<p>&nbsp;<\/p>\n<p>Am vergangenen Sonntag war der SV Distelhausen zu Gast in Assamstadt.<\/p>\n<p>Auch sie hatten, \u00e4hnlich wie wir, einen eher schlechten Start in die Saison hingelegt und hatten vor dem Spiel zwei Punkte weniger als wir auf dem Konto.<\/p>\n<p>Nach 15 Minuten konnten wir uns bereits zwei gro\u00dfe Torchancen erspielen, welche jedoch leider nicht den Weg ins Tor gefunden haben. In der 31. Minute fand Oliver F\u00f6hl die Schnittstelle in der Abwehrreihe des Gegners und steckte Bastian Quenzer den Ball durch die L\u00fccke der Verteidigung durch, welcher den Ball daraufhin \u00fcberlegt ins Tor eingeschoben hat.<\/p>\n<p>Kurz vor der Halbzeit gab es einen kleinen Zwischenfall mit dem St\u00fcrmer des Gegners, welcher daraufhin die rote Karte aufgrund einer T\u00e4tlichkeit gegen unseren Verteidiger sah.<\/p>\n<p>So ging es mit einem gerechtfertigten 1:0 in die Halbzeitpause und es galt nun die F\u00fchrung zu verteidigen und auszubauen. Wir schafften es in der zweiten Halbzeit allerdings nicht ein zweites Tor nachzulegen und mussten in der 80. Minute nach einer Unachtsamkeit im Umschaltspiel das unn\u00f6tige 1:1 hinnehmen.<\/p>\n<p>So endete auch dieses Spiel wieder mit einem Remis und wir behielten nur einen der drei erhofften Punkte in Assamstadt.<\/p>\n<p>&nbsp;<\/p>\n<p>Am kommenden Sonntag, den 20.10.19, treffen wir um 15:00 Uhr auf den FC Wertheim-Eichel. Auch dieses Spiel findet wieder auf dem Sportgel\u00e4nde in Assamstadt statt. Der FC Wertheim-Eichel steht aktuell punktgleich mit uns in der Tabelle da, dementsprechend z\u00e4hlt dieses Spiel f\u00fcr uns doppelt. Wir m\u00fcssen nun wieder versuchen einen Sieg einzufahren und uns nicht zu stark ans Ende der Tabelle dr\u00fccken zu lassen.<\/p>\n<p>&nbsp;<\/p>\n<p>&nbsp;<\/p>\n<p><strong>Vorschau:<\/strong><\/p>\n<p>Sonntag, 20. Oktober um 15.00 Uhr in Assamstadt<\/p>\n<p>TSV Assamstadt 2 \u2013 FC Wertheim-Eichel<\/p>\n<p>&nbsp;<\/p>\n","protected":false},"excerpt":{"rendered":"<p>TSV Assamstadt II \u2013 SV Distelhausen\u00a0\u00a0\u00a0\u00a0\u00a0\u00a0\u00a0\u00a0\u00a0\u00a0 \u00a0\u00a0\u00a0\u00a0\u00a0\u00a0\u00a0\u00a0\u00a0\u00a0\u00a0 1:1 &nbsp; Am vergangenen Sonntag war der SV Distelhausen zu Gast in Assamstadt. Auch sie hatten, \u00e4hnlich wie wir, einen eher schlechten Start &hellip; <a href=\"https:\/\/www.tsv-assamstadt.de\/?p=8803\" class=\"more-link\"><span class=\"screen-reader-text\">Nun seit 6 Spielen ungeschlagen!<\/span> weiterlesen <span class=\"meta-nav\">&rarr;<\/span><\/a><\/p>\n","protected":false},"author":33,"featured_media":8755,"comment_status":"closed","ping_status":"closed","sticky":false,"template":"","format":"standard","meta":{"ngg_post_thumbnail":0,"jetpack_post_was_ever_published":false,"_jetpack_newsletter_access":"","_jetpack_dont_email_post_to_subs":false,"_jetpack_newsletter_tier_id":0,"_jetpack_memberships_contains_paywalled_content":false,"_jetpack_memberships_contains_paid_content":false,"footnotes":"","jetpack_publicize_message":"","jetpack_publicize_feature_enabled":true,"jetpack_social_post_already_shared":true,"jetpack_social_options":{"image_generator_settings":{"template":"highway","default_image_id":0,"font":"","enabled":false},"version":2}},"categories":[3,1,69],"tags":[66],"class_list":["post-8803","post","type-post","status-publish","format-standard","has-post-thumbnail","hentry","category-2-mannschaft","category-allgemein","category-fusball","tag-highlight"],"jetpack_publicize_connections":[],"jetpack_featured_media_url":"https:\/\/www.tsv-assamstadt.de\/wp-content\/uploads\/2019\/09\/TSV_Mannschaftsbild.jpg","jetpack_sharing_enabled":true,"jetpack_shortlink":"https:\/\/wp.me\/pcugUJ-2hZ","_links":{"self":[{"href":"https:\/\/www.tsv-assamstadt.de\/index.php?rest_route=\/wp\/v2\/posts\/8803","targetHints":{"allow":["GET"]}}],"collection":[{"href":"https:\/\/www.tsv-assamstadt.de\/index.php?rest_route=\/wp\/v2\/posts"}],"about":[{"href":"https:\/\/www.tsv-assamstadt.de\/index.php?rest_route=\/wp\/v2\/types\/post"}],"author":[{"embeddable":true,"href":"https:\/\/www.tsv-assamstadt.de\/index.php?rest_route=\/wp\/v2\/users\/33"}],"replies":[{"embeddable":true,"href":"https:\/\/www.tsv-assamstadt.de\/index.php?rest_route=%2Fwp%2Fv2%2Fcomments&post=8803"}],"version-history":[{"count":0,"href":"https:\/\/www.tsv-assamstadt.de\/index.php?rest_route=\/wp\/v2\/posts\/8803\/revisions"}],"wp:featuredmedia":[{"embeddable":true,"href":"https:\/\/www.tsv-assamstadt.de\/index.php?rest_route=\/wp\/v2\/media\/8755"}],"wp:attachment":[{"href":"https:\/\/www.tsv-assamstadt.de\/index.php?rest_route=%2Fwp%2Fv2%2Fmedia&parent=8803"}],"wp:term":[{"taxonomy":"category","embeddable":true,"href":"https:\/\/www.tsv-assamstadt.de\/index.php?rest_route=%2Fwp%2Fv2%2Fcategories&post=8803"},{"taxonomy":"post_tag","embeddable":true,"href":"https:\/\/www.tsv-assamstadt.de\/index.php?rest_route=%2Fwp%2Fv2%2Ftags&post=8803"}],"curies":[{"name":"wp","href":"https:\/\/api.w.org\/{rel}","templated":true}]}}