{"id":8788,"date":"2019-09-29T20:32:50","date_gmt":"2019-09-29T18:32:50","guid":{"rendered":"http:\/\/www.tsv-assamstadt.de\/ng\/?p=8788"},"modified":"2019-09-29T20:32:50","modified_gmt":"2019-09-29T18:32:50","slug":"ein-punkt-gegen-den-kreisliga-absteiger","status":"publish","type":"post","link":"https:\/\/www.tsv-assamstadt.de\/?p=8788","title":{"rendered":"Ein Punkt gegen den Kreisliga-Absteiger"},"content":{"rendered":"<p>Am vergangenen Sonntag hatten wir den Absteiger aus der Kreisliga bei uns zu Gast. K\u00fclsheim hatte, wie wir, bisher nur einen Sieg und zwei Unentschieden verbuchen k\u00f6nnen, sodass wir mit einem Sieg die G\u00e4ste in der Tabelle h\u00e4tten \u00fcberholen k\u00f6nnen.<\/p>\n<p>Nach bereits 3 Spielminuten verwandelte Ren\u00e9 Belz einen Freisto\u00df unhaltbar im gegnerischen Tor. Leider konnten wir die verdiente F\u00fchrung in der ersten H\u00e4lfte nicht ausbauen und so ging es mit einem 1:0 in die Kabine.<\/p>\n<p>In der zweiten Halbzeit hatten wir das Spiel zun\u00e4chst weiterhin im Griff. In der 60. Minute mussten wir jedoch ein Kopfballtor nach einem Eckball gegen uns hinnehmen. Bereits 13 Minuten sp\u00e4ter, in der 73. Minute, konnten wir uns die F\u00fchrung zur\u00fcckerobern. Nach einem Eckball kam Marco Weiland vor dem Tor v\u00f6llig frei zum Schuss und hat den Ball zum 2:1 im Tor untergebracht. Auch hier haben wir es wieder vers\u00e4umt die F\u00fchrung weiter auszubauen.<\/p>\n<p>So konnten die G\u00e4ste ebenfalls nach einem Eckball in der 96. Minute den Ball zum 2:2 in unserem Tor versenken. So endete das Spiel mit einem 2:2 Remis und beide Mannschaften sind weiterhin punktgleich in der Tabelle.<\/p>\n<p>&nbsp;<\/p>\n<p>Aufgrund des kommenden Feiertags treffen wir bereits am Donnerstag, den 03.10.19, in Unterbalbach auf den SV Anadolu Lauda. Diese haben aktuell einen Punkt mehr als wir, somit gilt es f\u00fcr uns dort nun drei Punkte zu holen und an Anadolu Lauda in der Tabelle vorbeizuziehen.<\/p>\n<p>Am kommenden Sonntag sind wir dann spielfrei, sodass wir im Gegenteil zu den anderen Mannschaften der Kreisklasse A nur ein Spiel in dieser Woche bestreiten.<\/p>\n<p>&nbsp;<\/p>\n<p>&nbsp;<\/p>\n<p><strong>Vorschau:<\/strong><\/p>\n<p>Donnerstag, 03. Oktober um 15.00 Uhr in Unterbalbach<\/p>\n<p>Anadolu Lauda &#8211; TSV Assamstadt 2<\/p>\n<p>&nbsp;<\/p>\n<p>Sonntag, 06. Oktober \u2013 Spielfrei<\/p>\n<p>&nbsp;<\/p>\n","protected":false},"excerpt":{"rendered":"<p>Am vergangenen Sonntag hatten wir den Absteiger aus der Kreisliga bei uns zu Gast. K\u00fclsheim hatte, wie wir, bisher nur einen Sieg und zwei Unentschieden verbuchen k\u00f6nnen, sodass wir mit &hellip; <a href=\"https:\/\/www.tsv-assamstadt.de\/?p=8788\" class=\"more-link\"><span class=\"screen-reader-text\">Ein Punkt gegen den Kreisliga-Absteiger<\/span> weiterlesen <span class=\"meta-nav\">&rarr;<\/span><\/a><\/p>\n","protected":false},"author":33,"featured_media":0,"comment_status":"closed","ping_status":"closed","sticky":false,"template":"","format":"standard","meta":{"ngg_post_thumbnail":0,"jetpack_post_was_ever_published":false,"_jetpack_newsletter_access":"","_jetpack_dont_email_post_to_subs":false,"_jetpack_newsletter_tier_id":0,"_jetpack_memberships_contains_paywalled_content":false,"_jetpack_memberships_contains_paid_content":false,"footnotes":"","jetpack_publicize_message":"","jetpack_publicize_feature_enabled":true,"jetpack_social_post_already_shared":true,"jetpack_social_options":{"image_generator_settings":{"template":"highway","default_image_id":0,"font":"","enabled":false},"version":2}},"categories":[3,1,69],"tags":[66],"class_list":["post-8788","post","type-post","status-publish","format-standard","hentry","category-2-mannschaft","category-allgemein","category-fusball","tag-highlight"],"jetpack_publicize_connections":[],"jetpack_featured_media_url":"","jetpack_sharing_enabled":true,"jetpack_shortlink":"https:\/\/wp.me\/pcugUJ-2hK","_links":{"self":[{"href":"https:\/\/www.tsv-assamstadt.de\/index.php?rest_route=\/wp\/v2\/posts\/8788","targetHints":{"allow":["GET"]}}],"collection":[{"href":"https:\/\/www.tsv-assamstadt.de\/index.php?rest_route=\/wp\/v2\/posts"}],"about":[{"href":"https:\/\/www.tsv-assamstadt.de\/index.php?rest_route=\/wp\/v2\/types\/post"}],"author":[{"embeddable":true,"href":"https:\/\/www.tsv-assamstadt.de\/index.php?rest_route=\/wp\/v2\/users\/33"}],"replies":[{"embeddable":true,"href":"https:\/\/www.tsv-assamstadt.de\/index.php?rest_route=%2Fwp%2Fv2%2Fcomments&post=8788"}],"version-history":[{"count":0,"href":"https:\/\/www.tsv-assamstadt.de\/index.php?rest_route=\/wp\/v2\/posts\/8788\/revisions"}],"wp:attachment":[{"href":"https:\/\/www.tsv-assamstadt.de\/index.php?rest_route=%2Fwp%2Fv2%2Fmedia&parent=8788"}],"wp:term":[{"taxonomy":"category","embeddable":true,"href":"https:\/\/www.tsv-assamstadt.de\/index.php?rest_route=%2Fwp%2Fv2%2Fcategories&post=8788"},{"taxonomy":"post_tag","embeddable":true,"href":"https:\/\/www.tsv-assamstadt.de\/index.php?rest_route=%2Fwp%2Fv2%2Ftags&post=8788"}],"curies":[{"name":"wp","href":"https:\/\/api.w.org\/{rel}","templated":true}]}}