{"id":8757,"date":"2019-09-17T07:43:01","date_gmt":"2019-09-17T05:43:01","guid":{"rendered":"http:\/\/www.tsv-assamstadt.de\/ng\/?p=8757"},"modified":"2019-09-17T07:43:01","modified_gmt":"2019-09-17T05:43:01","slug":"verdienter-heimsieg-5-2-2-3-2-2-2-2-2-2-2-2-2-3-2-2-2-2-2-2-2-2-2-2-2-2-2-2-2-2-2-2-2-2-2-2-2-2-2-2-3-2-2-2-2-2-2-2-2-2-2-2-2-3-2-2-2-2-2-2-2-2-2-2","status":"publish","type":"post","link":"https:\/\/www.tsv-assamstadt.de\/?p=8757","title":{"rendered":"Wei\u00dfe Weste bleibt zuhause bestehen"},"content":{"rendered":"<p><strong>TSV ASSAMSTADT \u2013 FV REICHENBUCH 3:0<\/strong><\/p>\n<p>Nachdem uns am vergangenen Sonntag noch das n\u00f6tige Gl\u00fcck so wie die letzte Durchschlagskraft gefehlt hat, wollten wir gegen Reichenbuch von Beginn an mutig spielen. Doch zuerst waren es die G\u00e4ste, welche uns defensiv besch\u00e4ftigten und erste Feldvorteile erlangten. Wenig sp\u00e4ter allerdings hatte M. M\u00fcnch nach feinem Zuspiel von A. Beier freie Bahn, umkurvte den Keeper und schob l\u00e4ssig zum 1:0 ein. Im weiteren Verlauf der 1. Halbzeit hatte Reichenbuch das Spiel besser unter Kontrolle, 2 Gro\u00dfchancen wurden in dieser Phase von M. Rupp in h\u00f6chster Not pariert. Quasi mit Ablauf der 1. Halbzeit ein Spiegelbild des 1:0. Dieses Mal schickte M. Tremmel den erneut startenden M. M\u00fcnch auf die Reise und dieser lie\u00df sich nicht zweimal bitten und schob zur schmeichelhaften F\u00fchrung ein.<\/p>\n<p>In der 2. Halbzeit waren wir die feld\u00fcberlegene Mannschaft und belohnten uns nach einer Ecke mit dem 3:0 durch A. Langer. Weitere gute M\u00f6glichkeiten blieben am Ende ungenutzt und so behielten wir auch im 3. Heimspiel dieser Landesliga-Saison alle Punkte in Assamstadt. Am kommenden Wochenende reisen wir dann nach Nassig, um dort auch ausw\u00e4rts unseren 1. Erfolg bejubeln zu d\u00fcrfen.<\/p>\n<p>Gemeinsamer Treffpunkt der Fans ist um 14:00 am Rathaus.<\/p>\n<p><strong>VORSCHAU: \u00a0 \u00a0 \u00a0 \u00a0 \u00a0 \u00a0 \u00a0 \u00a0 \u00a0 \u00a0 \u00a0 \u00a0 \u00a0 \u00a0 \u00a0 \u00a0 \u00a0 \u00a0 \u00a0 \u00a0 \u00a0 \u00a0 \u00a0 \u00a0 \u00a0 \u00a0 \u00a0 \u00a0 \u00a0 \u00a0 \u00a0 \u00a0 \u00a0 \u00a0 \u00a0 \u00a0 \u00a0 \u00a0 \u00a0 \u00a0 \u00a0 \u00a0 \u00a0 \u00a0 \u00a0 \u00a0 \u00a0 \u00a0 \u00a0 \u00a0 \u00a0 \u00a0 \u00a0 \u00a0 \u00a0\u00a0 <\/strong>Sonntag, 22. September um 15:00 in Nassig \u00a0 \u00a0 \u00a0 \u00a0 \u00a0 \u00a0 \u00a0 \u00a0 \u00a0 \u00a0 \u00a0 \u00a0 \u00a0 \u00a0 \u00a0 \u00a0 \u00a0 \u00a0 \u00a0 \u00a0 \u00a0 \u00a0 \u00a0 \u00a0\u00a0 SV Eintracht Nassig \u2013 TSV Assamstadt<\/p>\n","protected":false},"excerpt":{"rendered":"<p>TSV ASSAMSTADT \u2013 FV REICHENBUCH 3:0 Nachdem uns am vergangenen Sonntag noch das n\u00f6tige Gl\u00fcck so wie die letzte Durchschlagskraft gefehlt hat, wollten wir gegen Reichenbuch von Beginn an mutig &hellip; <a href=\"https:\/\/www.tsv-assamstadt.de\/?p=8757\" class=\"more-link\"><span class=\"screen-reader-text\">Wei\u00dfe Weste bleibt zuhause bestehen<\/span> weiterlesen <span class=\"meta-nav\">&rarr;<\/span><\/a><\/p>\n","protected":false},"author":9,"featured_media":8748,"comment_status":"closed","ping_status":"closed","sticky":false,"template":"","format":"standard","meta":{"ngg_post_thumbnail":0,"jetpack_post_was_ever_published":false,"_jetpack_newsletter_access":"","_jetpack_dont_email_post_to_subs":false,"_jetpack_newsletter_tier_id":0,"_jetpack_memberships_contains_paywalled_content":false,"_jetpack_memberships_contains_paid_content":false,"footnotes":"","jetpack_publicize_message":"","jetpack_publicize_feature_enabled":true,"jetpack_social_post_already_shared":true,"jetpack_social_options":{"image_generator_settings":{"template":"highway","default_image_id":0,"font":"","enabled":false},"version":2}},"categories":[2,1,69],"tags":[66],"class_list":["post-8757","post","type-post","status-publish","format-standard","has-post-thumbnail","hentry","category-1-mannschaft","category-allgemein","category-fusball","tag-highlight"],"jetpack_publicize_connections":[],"jetpack_featured_media_url":"https:\/\/www.tsv-assamstadt.de\/wp-content\/uploads\/2019\/09\/TSV-I_19-20_kompr.jpg","jetpack_sharing_enabled":true,"jetpack_shortlink":"https:\/\/wp.me\/pcugUJ-2hf","_links":{"self":[{"href":"https:\/\/www.tsv-assamstadt.de\/index.php?rest_route=\/wp\/v2\/posts\/8757","targetHints":{"allow":["GET"]}}],"collection":[{"href":"https:\/\/www.tsv-assamstadt.de\/index.php?rest_route=\/wp\/v2\/posts"}],"about":[{"href":"https:\/\/www.tsv-assamstadt.de\/index.php?rest_route=\/wp\/v2\/types\/post"}],"author":[{"embeddable":true,"href":"https:\/\/www.tsv-assamstadt.de\/index.php?rest_route=\/wp\/v2\/users\/9"}],"replies":[{"embeddable":true,"href":"https:\/\/www.tsv-assamstadt.de\/index.php?rest_route=%2Fwp%2Fv2%2Fcomments&post=8757"}],"version-history":[{"count":0,"href":"https:\/\/www.tsv-assamstadt.de\/index.php?rest_route=\/wp\/v2\/posts\/8757\/revisions"}],"wp:featuredmedia":[{"embeddable":true,"href":"https:\/\/www.tsv-assamstadt.de\/index.php?rest_route=\/wp\/v2\/media\/8748"}],"wp:attachment":[{"href":"https:\/\/www.tsv-assamstadt.de\/index.php?rest_route=%2Fwp%2Fv2%2Fmedia&parent=8757"}],"wp:term":[{"taxonomy":"category","embeddable":true,"href":"https:\/\/www.tsv-assamstadt.de\/index.php?rest_route=%2Fwp%2Fv2%2Fcategories&post=8757"},{"taxonomy":"post_tag","embeddable":true,"href":"https:\/\/www.tsv-assamstadt.de\/index.php?rest_route=%2Fwp%2Fv2%2Ftags&post=8757"}],"curies":[{"name":"wp","href":"https:\/\/api.w.org\/{rel}","templated":true}]}}