{"id":8729,"date":"2019-09-03T12:53:46","date_gmt":"2019-09-03T10:53:46","guid":{"rendered":"http:\/\/www.tsv-assamstadt.de\/ng\/?p=8729"},"modified":"2019-09-03T12:53:46","modified_gmt":"2019-09-03T10:53:46","slug":"niederlage-gegen-den-fc-gruensfeld-ii","status":"publish","type":"post","link":"https:\/\/www.tsv-assamstadt.de\/?p=8729","title":{"rendered":"Niederlage gegen den FC Gr\u00fcnsfeld II"},"content":{"rendered":"<p>FC Gr\u00fcnsfeld II &#8211; TSV Assamstadt II 4:2<\/p>\n<p>Im ersten Ausw\u00e4rtsspiel der Saison konnten wir unseren Anforderungen nicht gerecht werden. Trotz starker \u00a0Anfangsphase mit gutem Pressing, sch\u00f6nen Ballstafetten und Torchancen, mussten wir nach einem Konter in der 39. Minuten das 1:0 hinnehmen. Wir haben uns dennoch nicht unterkriegen lassen und\u00a0 konnten in der Nachspielzeit der ersten Halbzeit den verdienten Ausgleich erzielen. Nach einer sch\u00f6nen Kombination erzielte Ren\u00e9 Belz mit einem gef\u00fchlvollem Schuss das Tor.<\/p>\n<p>Zu Beginn der zweiten Halbzeit wollten wir noch kompakter auftreten, was uns allerdings nicht wie gew\u00fcnscht gelang. Unsere Gegenspieler hatten zuviel Raum und somit mussten wir innerhalb von 3 Minuten zwei Gegentore hinnehmen.<\/p>\n<p>Nach dem 3:1 kamen wir wieder in eine Druckphase und konnten uns mit einem Tor belohnen. Das 3:2 erzielte Marco Weiland durch einen Freisto\u00df kurz vor der Strafraumgrenze.<\/p>\n<p>Das Spiel wurde im Anschluss hitziger und wurde durch zahlreiche Zweik\u00e4mpfe und Fouls gepr\u00e4gt. Dies hatte zur Folge, dass uns ein Spieler aufgrund einer Gelb-Rote Karte vom Platz genommen wurde. Direkt im Anschluss an diesen Platzverweis gelang Gr\u00fcnsfeld nach einem langen Ball das 4:2. Gr\u00fcnsfeld nutzte die \u00dcberzahl und hielt den Ball in der Schlussphase clever in ihren eigenen Reihen und brachte somit das Ergebnis \u00fcber die Zeit.<\/p>\n<p>Am kommenden Sonntag treten wir Ausw\u00e4rts bei der SPG Windischbuch\/Schwabhausen 2 an. Auch die Spielgemeinschaft wartet wie wir auf den ersten Sieg der Saison. Wir werden alles geben, um die drei Punkte mit nach Assamstadt zu nehmen!<\/p>\n<p><strong>Vorschau:<\/strong><\/p>\n<p>Sonntag, 09. September &#8211; 15:00 Uhr<\/p>\n<p>SPG Windischbuch\/Schwabhausen 2 &#8211; TSV Assamstadt II<br \/>\nSpielort: Schwabhausen<\/p>\n<p><strong>Hinweis f\u00fcr unsere Fans:<\/strong><\/p>\n<p>Um die Bildung von Fahrgemeinschaften zu erm\u00f6glichen, k\u00f6nnen sich unsere Fans am Sonntag um 14:45 Uhr am Rathaus treffen. Wir freuen uns auf zahlreiche Unterst\u00fctzung!<\/p>\n","protected":false},"excerpt":{"rendered":"<p>FC Gr\u00fcnsfeld II &#8211; TSV Assamstadt II 4:2 Im ersten Ausw\u00e4rtsspiel der Saison konnten wir unseren Anforderungen nicht gerecht werden. Trotz starker \u00a0Anfangsphase mit gutem Pressing, sch\u00f6nen Ballstafetten und Torchancen, &hellip; <a href=\"https:\/\/www.tsv-assamstadt.de\/?p=8729\" class=\"more-link\"><span class=\"screen-reader-text\">Niederlage gegen den FC Gr\u00fcnsfeld II<\/span> weiterlesen <span class=\"meta-nav\">&rarr;<\/span><\/a><\/p>\n","protected":false},"author":30,"featured_media":8265,"comment_status":"closed","ping_status":"closed","sticky":false,"template":"","format":"standard","meta":{"ngg_post_thumbnail":0,"jetpack_post_was_ever_published":false,"_jetpack_newsletter_access":"","_jetpack_dont_email_post_to_subs":false,"_jetpack_newsletter_tier_id":0,"_jetpack_memberships_contains_paywalled_content":false,"_jetpack_memberships_contains_paid_content":false,"footnotes":"","jetpack_publicize_message":"","jetpack_publicize_feature_enabled":true,"jetpack_social_post_already_shared":true,"jetpack_social_options":{"image_generator_settings":{"template":"highway","default_image_id":0,"font":"","enabled":false},"version":2}},"categories":[3,1,69],"tags":[66],"class_list":["post-8729","post","type-post","status-publish","format-standard","has-post-thumbnail","hentry","category-2-mannschaft","category-allgemein","category-fusball","tag-highlight"],"jetpack_publicize_connections":[],"jetpack_featured_media_url":"https:\/\/www.tsv-assamstadt.de\/wp-content\/uploads\/2018\/09\/Mannschaft_2.jpg","jetpack_sharing_enabled":true,"jetpack_shortlink":"https:\/\/wp.me\/pcugUJ-2gN","_links":{"self":[{"href":"https:\/\/www.tsv-assamstadt.de\/index.php?rest_route=\/wp\/v2\/posts\/8729","targetHints":{"allow":["GET"]}}],"collection":[{"href":"https:\/\/www.tsv-assamstadt.de\/index.php?rest_route=\/wp\/v2\/posts"}],"about":[{"href":"https:\/\/www.tsv-assamstadt.de\/index.php?rest_route=\/wp\/v2\/types\/post"}],"author":[{"embeddable":true,"href":"https:\/\/www.tsv-assamstadt.de\/index.php?rest_route=\/wp\/v2\/users\/30"}],"replies":[{"embeddable":true,"href":"https:\/\/www.tsv-assamstadt.de\/index.php?rest_route=%2Fwp%2Fv2%2Fcomments&post=8729"}],"version-history":[{"count":0,"href":"https:\/\/www.tsv-assamstadt.de\/index.php?rest_route=\/wp\/v2\/posts\/8729\/revisions"}],"wp:featuredmedia":[{"embeddable":true,"href":"https:\/\/www.tsv-assamstadt.de\/index.php?rest_route=\/wp\/v2\/media\/8265"}],"wp:attachment":[{"href":"https:\/\/www.tsv-assamstadt.de\/index.php?rest_route=%2Fwp%2Fv2%2Fmedia&parent=8729"}],"wp:term":[{"taxonomy":"category","embeddable":true,"href":"https:\/\/www.tsv-assamstadt.de\/index.php?rest_route=%2Fwp%2Fv2%2Fcategories&post=8729"},{"taxonomy":"post_tag","embeddable":true,"href":"https:\/\/www.tsv-assamstadt.de\/index.php?rest_route=%2Fwp%2Fv2%2Ftags&post=8729"}],"curies":[{"name":"wp","href":"https:\/\/api.w.org\/{rel}","templated":true}]}}