{"id":8630,"date":"2019-06-03T16:03:43","date_gmt":"2019-06-03T14:03:43","guid":{"rendered":"http:\/\/www.tsv-assamstadt.de\/ng\/?p=8630"},"modified":"2019-06-03T16:05:01","modified_gmt":"2019-06-03T14:05:01","slug":"sieg-zum-abschluss","status":"publish","type":"post","link":"https:\/\/www.tsv-assamstadt.de\/?p=8630","title":{"rendered":"Sieg zum Abschluss!"},"content":{"rendered":"<p align=\"left\"><span style=\"font-family: Calibri, sans-serif;\"><span style=\"font-size: medium;\"><b>SpG Rauenberg\/Boxtal \u2013 TSV Assamstadt II 0:4<\/b><\/span><\/span><\/p>\n<p align=\"left\"><span style=\"font-family: Calibri, sans-serif;\"><span style=\"font-size: medium;\"><span lang=\"de-DE\">Im<\/span><\/span><span style=\"font-size: medium;\"><span lang=\"de-DE\"> letzten <\/span><\/span><span style=\"font-size: medium;\"><span lang=\"de-DE\">Spiel<\/span><\/span><span style=\"font-size: medium;\"><span lang=\"de-DE\"> der Saison waren wir bei der SpG Rauenberg\/Boxtal zu Gast. Bei sommerlichen Temperaturen kamen wir nicht gut in die Partie, sodass die Heimelf zun\u00e4chst gef\u00e4hrlicher war. Erst nach <\/span><\/span><span style=\"font-size: medium;\"><span lang=\"de-DE\">etwa <\/span><\/span><span style=\"font-size: medium;\"><span lang=\"de-DE\">20 <\/span><\/span><span style=\"font-size: medium;\"><span lang=\"de-DE\">gespielten Minuten <\/span><\/span><span style=\"font-size: medium;\"><span lang=\"de-DE\">wurden wir \u00fcberlegen und hatten erste Torabschl\u00fcsse. Da allerdings beide Mannschaften ihre Chancen nicht nutzen konnten, ging es torlos in die Pause. Im zweiten Durchgang erwischten wiederum die G\u00e4ste den besseren Start. Sie scheiterten aber zweimal an starken Reaktion<\/span><\/span><span style=\"font-size: medium;\"><span lang=\"de-DE\">en<\/span><\/span><span style=\"font-size: medium;\"><span lang=\"de-DE\"> von Niko Dei\u00dfler. In der 71. Spielminute erzielte dann Fabian H\u00fcgel mit einem Schuss von der Strafraumgrenze das 1:0. Kurze Zeit sp\u00e4ter wurde ein Akteur der Heimelf des Platzes verwiesen und Jonathan H\u00fcgel erzielte nach einem Freisto\u00df das 2:0. Damit war die Partie entschieden. Kurz vor Abpfiff konnten wir das Ergebnis durch Marco Hartmann und Manuel J\u00e4ger gar noch auf 4:0 erh\u00f6hen. Durch diesen Sieg belegen wir in der Abschlusstabelle einen <\/span><\/span><span style=\"font-size: medium;\"><span lang=\"de-DE\">guten<\/span><\/span><span style=\"font-size: medium;\"><span lang=\"de-DE\"> 5. Platz. <\/span><\/span><\/span><\/p>\n","protected":false},"excerpt":{"rendered":"<p>SpG Rauenberg\/Boxtal \u2013 TSV Assamstadt II 0:4 Im letzten Spiel der Saison waren wir bei der SpG Rauenberg\/Boxtal zu Gast. Bei sommerlichen Temperaturen kamen wir nicht gut in die Partie, &hellip; <a href=\"https:\/\/www.tsv-assamstadt.de\/?p=8630\" class=\"more-link\"><span class=\"screen-reader-text\">Sieg zum Abschluss!<\/span> weiterlesen <span class=\"meta-nav\">&rarr;<\/span><\/a><\/p>\n","protected":false},"author":30,"featured_media":8265,"comment_status":"closed","ping_status":"closed","sticky":false,"template":"","format":"standard","meta":{"ngg_post_thumbnail":0,"jetpack_post_was_ever_published":false,"_jetpack_newsletter_access":"","_jetpack_dont_email_post_to_subs":false,"_jetpack_newsletter_tier_id":0,"_jetpack_memberships_contains_paywalled_content":false,"_jetpack_memberships_contains_paid_content":false,"footnotes":"","jetpack_publicize_message":"","jetpack_publicize_feature_enabled":true,"jetpack_social_post_already_shared":true,"jetpack_social_options":{"image_generator_settings":{"template":"highway","default_image_id":0,"font":"","enabled":false},"version":2}},"categories":[3,1,69],"tags":[66],"class_list":["post-8630","post","type-post","status-publish","format-standard","has-post-thumbnail","hentry","category-2-mannschaft","category-allgemein","category-fusball","tag-highlight"],"jetpack_publicize_connections":[],"jetpack_featured_media_url":"https:\/\/www.tsv-assamstadt.de\/wp-content\/uploads\/2018\/09\/Mannschaft_2.jpg","jetpack_sharing_enabled":true,"jetpack_shortlink":"https:\/\/wp.me\/pcugUJ-2fc","_links":{"self":[{"href":"https:\/\/www.tsv-assamstadt.de\/index.php?rest_route=\/wp\/v2\/posts\/8630","targetHints":{"allow":["GET"]}}],"collection":[{"href":"https:\/\/www.tsv-assamstadt.de\/index.php?rest_route=\/wp\/v2\/posts"}],"about":[{"href":"https:\/\/www.tsv-assamstadt.de\/index.php?rest_route=\/wp\/v2\/types\/post"}],"author":[{"embeddable":true,"href":"https:\/\/www.tsv-assamstadt.de\/index.php?rest_route=\/wp\/v2\/users\/30"}],"replies":[{"embeddable":true,"href":"https:\/\/www.tsv-assamstadt.de\/index.php?rest_route=%2Fwp%2Fv2%2Fcomments&post=8630"}],"version-history":[{"count":0,"href":"https:\/\/www.tsv-assamstadt.de\/index.php?rest_route=\/wp\/v2\/posts\/8630\/revisions"}],"wp:featuredmedia":[{"embeddable":true,"href":"https:\/\/www.tsv-assamstadt.de\/index.php?rest_route=\/wp\/v2\/media\/8265"}],"wp:attachment":[{"href":"https:\/\/www.tsv-assamstadt.de\/index.php?rest_route=%2Fwp%2Fv2%2Fmedia&parent=8630"}],"wp:term":[{"taxonomy":"category","embeddable":true,"href":"https:\/\/www.tsv-assamstadt.de\/index.php?rest_route=%2Fwp%2Fv2%2Fcategories&post=8630"},{"taxonomy":"post_tag","embeddable":true,"href":"https:\/\/www.tsv-assamstadt.de\/index.php?rest_route=%2Fwp%2Fv2%2Ftags&post=8630"}],"curies":[{"name":"wp","href":"https:\/\/api.w.org\/{rel}","templated":true}]}}