{"id":8466,"date":"2019-03-11T17:25:25","date_gmt":"2019-03-11T16:25:25","guid":{"rendered":"http:\/\/www.tsv-assamstadt.de\/ng\/?p=8466"},"modified":"2019-03-11T17:25:25","modified_gmt":"2019-03-11T16:25:25","slug":"sieg-im-ersten-saisonspiel-2019","status":"publish","type":"post","link":"https:\/\/www.tsv-assamstadt.de\/?p=8466","title":{"rendered":"Sieg im ersten Saisonspiel 2019"},"content":{"rendered":"<p align=\"left\"><span style=\"font-family: Calibri, sans-serif;\"><span style=\"font-size: medium;\"><b>FC Wertheim-Eichel \u2013 TSV Assamstadt II 0:1<\/b><\/span><\/span><\/p>\n<p align=\"left\"><span style=\"font-family: Calibri, sans-serif;\"><span style=\"font-size: medium;\">Bei starkem Wind und wechselhaftem Wetter traten wir vergangenen Sonntag beim FC Wertheim-Eichel zum ersten Saisonspiel 2019 an. Obwohl uns die Heimelf fr\u00fch unter Druck setzte und unser Aufbauspiel st\u00f6rte, konnten wir uns ein ums andere Mal befreien und waren besonders \u00fcber die Au\u00dfen gef\u00e4hrlich. Jedoch konnte keine der Flanken verwertet werden. Die gr\u00f6\u00dfte Chance im ersten Durchgang hatten wir bereits in der 8. Spielminute. Marco Hartmann trat einen gef\u00e4hrlichen Freisto\u00df, den der Keeper gerade noch parieren konnte. Auf der anderen Seite bot sich dem Heimst\u00fcrmer nach einer Standartsituation eine gute Einschussm\u00f6glichkeit. Der Schuss verfehlte allerdings sein Ziel, sodass es torlos in die Pause ging. Wenige Minuten nach dem Seitenwechsel gelang Marco Weiland das goldene Tor des Tages. Nach einem Ballgewinn im Mittelfeld wurde gegen die aufger\u00fcckten Gastgeber schnell umgeschaltet und er Ball \u00fcber die Au\u00dfen in den R\u00fcckraum gespielt. Mithilfe des Innenpfostens landete der Ball schlie\u00dflich im Tor. Aufgrund der besseren spielerischen Leistung im ersten Durchgang war die F\u00fchrung nicht unverdient. In der Folge zogen wir uns zur\u00fcck und konzentrierten uns aufs Verteidigen und Kontern. Der FC schaffte es daraufhin kaum einmal wirklich gef\u00e4hrlich vor unser Tor. Die Standards wurden konzentriert verteidigt und spielerisch fand die Heimelf keine L\u00f6sungen. Kamen sie doch mal zum Abschluss wurde der meist geblockt, sodass unser Keeper kaum eingreifen musste. In den Schlussminuten hatten wir durch eine aussichtsreiche Standardsituation und einige Konterm\u00f6glichkeiten die Chance das Spiel vorzeitig zu entscheiden. Das wurde leider verpasst. Dennoch stand am Ende der achte Saisonsieg fest.<\/span><\/span><\/p>\n<p align=\"left\"><span style=\"font-family: Calibri, sans-serif;\"><span style=\"font-size: medium;\">Zum ersten Heimspiel im Jahr 2019 ist mit der SpG Welzbachtal direkt ein starker Gegner zu Gast. Nur aufgrund der schlechteren Tordifferenz ist die Spielgemeinschaft einen Platz hinter uns der Tabelle positioniert. Ein dementsprechend enges und spannendes Spiel ist zu erwarten. Das Hinspiel endete 4:2 f\u00fcr die SpG Welzbachtal.<\/span><\/span><\/p>\n<p align=\"left\"><span style=\"font-family: Calibri, sans-serif;\"><span style=\"font-size: medium;\"><b><u>Vorschau:<\/u><\/b><\/span><\/span><\/p>\n<p align=\"left\"><span style=\"font-family: Calibri, sans-serif;\"><span style=\"font-size: medium;\">Sonntag, 17.03.2019 um 13:15 Uhr<\/span><\/span><\/p>\n<p align=\"left\"><span style=\"font-family: Calibri, sans-serif;\"><span style=\"font-size: medium;\">TSV Assamstadt II \u2013 SpG Welzbachtal<\/span><\/span><\/p>\n","protected":false},"excerpt":{"rendered":"<p>FC Wertheim-Eichel \u2013 TSV Assamstadt II 0:1 Bei starkem Wind und wechselhaftem Wetter traten wir vergangenen Sonntag beim FC Wertheim-Eichel zum ersten Saisonspiel 2019 an. Obwohl uns die Heimelf fr\u00fch &hellip; <a href=\"https:\/\/www.tsv-assamstadt.de\/?p=8466\" class=\"more-link\"><span class=\"screen-reader-text\">Sieg im ersten Saisonspiel 2019<\/span> weiterlesen <span class=\"meta-nav\">&rarr;<\/span><\/a><\/p>\n","protected":false},"author":30,"featured_media":8265,"comment_status":"closed","ping_status":"closed","sticky":false,"template":"","format":"standard","meta":{"ngg_post_thumbnail":0,"jetpack_post_was_ever_published":false,"_jetpack_newsletter_access":"","_jetpack_dont_email_post_to_subs":false,"_jetpack_newsletter_tier_id":0,"_jetpack_memberships_contains_paywalled_content":false,"_jetpack_memberships_contains_paid_content":false,"footnotes":"","jetpack_publicize_message":"","jetpack_publicize_feature_enabled":true,"jetpack_social_post_already_shared":true,"jetpack_social_options":{"image_generator_settings":{"template":"highway","default_image_id":0,"font":"","enabled":false},"version":2}},"categories":[3,1,69],"tags":[66],"class_list":["post-8466","post","type-post","status-publish","format-standard","has-post-thumbnail","hentry","category-2-mannschaft","category-allgemein","category-fusball","tag-highlight"],"jetpack_publicize_connections":[],"jetpack_featured_media_url":"https:\/\/www.tsv-assamstadt.de\/wp-content\/uploads\/2018\/09\/Mannschaft_2.jpg","jetpack_sharing_enabled":true,"jetpack_shortlink":"https:\/\/wp.me\/pcugUJ-2cy","_links":{"self":[{"href":"https:\/\/www.tsv-assamstadt.de\/index.php?rest_route=\/wp\/v2\/posts\/8466","targetHints":{"allow":["GET"]}}],"collection":[{"href":"https:\/\/www.tsv-assamstadt.de\/index.php?rest_route=\/wp\/v2\/posts"}],"about":[{"href":"https:\/\/www.tsv-assamstadt.de\/index.php?rest_route=\/wp\/v2\/types\/post"}],"author":[{"embeddable":true,"href":"https:\/\/www.tsv-assamstadt.de\/index.php?rest_route=\/wp\/v2\/users\/30"}],"replies":[{"embeddable":true,"href":"https:\/\/www.tsv-assamstadt.de\/index.php?rest_route=%2Fwp%2Fv2%2Fcomments&post=8466"}],"version-history":[{"count":0,"href":"https:\/\/www.tsv-assamstadt.de\/index.php?rest_route=\/wp\/v2\/posts\/8466\/revisions"}],"wp:featuredmedia":[{"embeddable":true,"href":"https:\/\/www.tsv-assamstadt.de\/index.php?rest_route=\/wp\/v2\/media\/8265"}],"wp:attachment":[{"href":"https:\/\/www.tsv-assamstadt.de\/index.php?rest_route=%2Fwp%2Fv2%2Fmedia&parent=8466"}],"wp:term":[{"taxonomy":"category","embeddable":true,"href":"https:\/\/www.tsv-assamstadt.de\/index.php?rest_route=%2Fwp%2Fv2%2Fcategories&post=8466"},{"taxonomy":"post_tag","embeddable":true,"href":"https:\/\/www.tsv-assamstadt.de\/index.php?rest_route=%2Fwp%2Fv2%2Ftags&post=8466"}],"curies":[{"name":"wp","href":"https:\/\/api.w.org\/{rel}","templated":true}]}}