{"id":8409,"date":"2018-11-26T19:17:06","date_gmt":"2018-11-26T18:17:06","guid":{"rendered":"http:\/\/www.tsv-assamstadt.de\/ng\/?p=8409"},"modified":"2018-11-26T19:17:06","modified_gmt":"2018-11-26T18:17:06","slug":"sieg-im-letzen-spiel-2018","status":"publish","type":"post","link":"https:\/\/www.tsv-assamstadt.de\/?p=8409","title":{"rendered":"Sieg im letzen Spiel 2018!"},"content":{"rendered":"<p align=\"justify\"><span style=\"font-family: Arial, sans-serif;\"><b>TSV Assamstadt II \u2013 FC Gr\u00fcnsfeld 2 3:2<\/b><\/span><\/p>\n<p align=\"justify\"><span style=\"font-family: Arial, sans-serif;\">Im letzten Spiel des Jahres war der FC Gr\u00fcnsfeld 2 in Assamstadt zu Gast. Nachdem wir uns im Hinspiel noch knapp mit 1:0 geschlagen geben mussten, konnten wir das R\u00fcckspiel f\u00fcr uns entscheiden. Wir begannen die Partie sehr druckvoll und erspielten uns nach nur wenigen Minuten erste M\u00f6glichkeiten. Folgerichtig gingen wir in der 8. Spielminute durch Jonathan H\u00fcgel in F\u00fchrung. Vorausgegangen war ein Ballgewinn im Mittelfeld samt tollem Spielzug \u00fcber die rechte Seite. Nur wenige Minuten sp\u00e4ter erh\u00f6hte wiederum Jonathan H\u00fcgel auf 2:0. Ren\u00e9 Belz spielte einen Pass in die Schnittstelle der Abwehrreihe der G\u00e4ste und unser Top-Torj\u00e4ger vollendete den Angriff eiskalt. Auch in der Folge blieben wir klar \u00fcberlegen und kamen zu einigen aussichtsreichen Abschlussaktionen. Die G\u00e4ste besch\u00e4ftigten sich dagegen mehr mit dem Schiedsrichter und schafften es nicht klare Torchancen zu kreieren. In der 36. Spielminute konnten wir unsere F\u00fchrung auf 3:0 ausbauen. Bastian Quenzer behauptete im Strafraum gekonnt den Ball und legte diesen anschlie\u00dfend auf Uwe Arnold ab, der gekonnt einschob. Als alles nach einer komfortablen Pausenf\u00fchrung aussah, gelang den G\u00e4sten \u00fcberraschend ein Treffer. Nach einer Unstimmigkeit im defensiven Mittelfeld lief der G\u00e4stest\u00fcrmer frei auf unser Tor zu und erzielte das 3:1. Direkt im Anschluss ging es in die Pause. In der zweiten Halbzeit traten die G\u00e4ste deutlich engagierter auf und wir zogen uns weit in die eigene H\u00e4lfte zur\u00fcck. Die G\u00e4ste spielten offensiv und dr\u00e4ngten auf den Anschlusstreffer. Wir waren lediglich noch \u00fcber einige Konter und Standardsituationen gef\u00e4hrlich, verpassten es aber das Spiel vorzeitig zu entscheiden. So leiteten die G\u00e4ste mit ihrem Anschlusstreffer in der 83. Minute noch eine hei\u00dfe Schlussphase ein. Letztlich retteten wir den Sieg nach einer schwachen zweiten H\u00e4lfte jedoch \u00fcber die Zeit. Durch den Sieg \u00fcberholten wir den FC Gr\u00fcnsfeld 2 in der Tabelle und \u00fcberwintern nun auf dem 4. Tabellenplatz mit lediglich einem Punkt R\u00fcckstand auf den Aufstiegsrelegationsplatz!<\/span><\/p>\n<p align=\"justify\"><span style=\"font-family: Arial, sans-serif;\">Nach der Winterpause treten wir ausw\u00e4rts beim FC Wertheim-Eichel an. Das Hinspiel konnten wir etwas \u00fcberraschend deutlich mit 5:0 gewinnen. Das wird die Heimelf sicher zus\u00e4tzlich motivieren, weshalb und sicher ein schweres Ausw\u00e4rtsspiel erwartet.<\/span><\/p>\n<p align=\"justify\"><span style=\"font-family: Arial, sans-serif;\"><u><b>Vorschau:<\/b><\/u><\/span><\/p>\n<p align=\"justify\"><span style=\"font-family: Arial, sans-serif;\">Sonntag, 10.03.2018 um 15:00 Uhr<\/span><\/p>\n<p align=\"justify\"><span style=\"font-family: Arial, sans-serif;\">FC Wertheim-Eichel \u2013 TSV Assamstadt II<\/span><\/p>\n","protected":false},"excerpt":{"rendered":"<p>TSV Assamstadt II \u2013 FC Gr\u00fcnsfeld 2 3:2 Im letzten Spiel des Jahres war der FC Gr\u00fcnsfeld 2 in Assamstadt zu Gast. Nachdem wir uns im Hinspiel noch knapp mit &hellip; <a href=\"https:\/\/www.tsv-assamstadt.de\/?p=8409\" class=\"more-link\"><span class=\"screen-reader-text\">Sieg im letzen Spiel 2018!<\/span> weiterlesen <span class=\"meta-nav\">&rarr;<\/span><\/a><\/p>\n","protected":false},"author":30,"featured_media":8265,"comment_status":"closed","ping_status":"closed","sticky":false,"template":"","format":"standard","meta":{"ngg_post_thumbnail":0,"jetpack_post_was_ever_published":false,"_jetpack_newsletter_access":"","_jetpack_dont_email_post_to_subs":false,"_jetpack_newsletter_tier_id":0,"_jetpack_memberships_contains_paywalled_content":false,"_jetpack_memberships_contains_paid_content":false,"footnotes":"","jetpack_publicize_message":"","jetpack_publicize_feature_enabled":true,"jetpack_social_post_already_shared":true,"jetpack_social_options":{"image_generator_settings":{"template":"highway","default_image_id":0,"font":"","enabled":false},"version":2}},"categories":[3,1,69],"tags":[66],"class_list":["post-8409","post","type-post","status-publish","format-standard","has-post-thumbnail","hentry","category-2-mannschaft","category-allgemein","category-fusball","tag-highlight"],"jetpack_publicize_connections":[],"jetpack_featured_media_url":"https:\/\/www.tsv-assamstadt.de\/wp-content\/uploads\/2018\/09\/Mannschaft_2.jpg","jetpack_sharing_enabled":true,"jetpack_shortlink":"https:\/\/wp.me\/pcugUJ-2bD","_links":{"self":[{"href":"https:\/\/www.tsv-assamstadt.de\/index.php?rest_route=\/wp\/v2\/posts\/8409","targetHints":{"allow":["GET"]}}],"collection":[{"href":"https:\/\/www.tsv-assamstadt.de\/index.php?rest_route=\/wp\/v2\/posts"}],"about":[{"href":"https:\/\/www.tsv-assamstadt.de\/index.php?rest_route=\/wp\/v2\/types\/post"}],"author":[{"embeddable":true,"href":"https:\/\/www.tsv-assamstadt.de\/index.php?rest_route=\/wp\/v2\/users\/30"}],"replies":[{"embeddable":true,"href":"https:\/\/www.tsv-assamstadt.de\/index.php?rest_route=%2Fwp%2Fv2%2Fcomments&post=8409"}],"version-history":[{"count":0,"href":"https:\/\/www.tsv-assamstadt.de\/index.php?rest_route=\/wp\/v2\/posts\/8409\/revisions"}],"wp:featuredmedia":[{"embeddable":true,"href":"https:\/\/www.tsv-assamstadt.de\/index.php?rest_route=\/wp\/v2\/media\/8265"}],"wp:attachment":[{"href":"https:\/\/www.tsv-assamstadt.de\/index.php?rest_route=%2Fwp%2Fv2%2Fmedia&parent=8409"}],"wp:term":[{"taxonomy":"category","embeddable":true,"href":"https:\/\/www.tsv-assamstadt.de\/index.php?rest_route=%2Fwp%2Fv2%2Fcategories&post=8409"},{"taxonomy":"post_tag","embeddable":true,"href":"https:\/\/www.tsv-assamstadt.de\/index.php?rest_route=%2Fwp%2Fv2%2Ftags&post=8409"}],"curies":[{"name":"wp","href":"https:\/\/api.w.org\/{rel}","templated":true}]}}