{"id":8237,"date":"2018-08-27T17:55:44","date_gmt":"2018-08-27T15:55:44","guid":{"rendered":"http:\/\/www.tsv-assamstadt.de\/ng\/?p=8237"},"modified":"2018-08-27T17:55:44","modified_gmt":"2018-08-27T15:55:44","slug":"niederlage-zum-saisonauftakt","status":"publish","type":"post","link":"https:\/\/www.tsv-assamstadt.de\/?p=8237","title":{"rendered":"Niederlage zum Saisonauftakt"},"content":{"rendered":"<p><span style=\"font-family: Arial, sans-serif;\"><span style=\"font-size: medium;\"><b>FC Gr\u00fcnsfeld II \u2013 TSV Assamstadt II 1:0<\/b><\/span><\/span><\/p>\n<p><span style=\"font-family: Arial, sans-serif;\"><span style=\"font-size: medium;\">Zu Beginn der neuen Runde mussten wir beim FC Gr\u00fcnsfeld II eine bittere Niederlage einstecken. Die Partie begann ausgeglichen und beide Mannschaften waren zun\u00e4chst auf Sicherheit bedacht und scheuten das Risiko. So dauerte es bis zur 21. Minute bis wir uns die erste gute Gelegenheit erarbeiten konnten. Der Abschluss von Uwe Arnold verfehlte das Tor allerdings knapp. Kurze Zeit sp\u00e4ter kam auch Gr\u00fcnsfeld zu einer Torchance. Doch auch der St\u00fcrmer der Heimelf konnte seinen Kopfball nicht im Tor unterbringen. Bis zur Pause schaffte es keine Mannschaft sich deutliche Vorteile zu erspielen, sodass es ohne Tore in die Halbzeit ging. In der zweiten Halbzeit erh\u00f6hten wir den Druck und erarbeiteten uns einige Torchancen. Zun\u00e4chst kam Ren\u00e9 Belz nach einem weiten Einwurf in der 48. Minute zum Abschluss, anschlie\u00dfend wurde Marco Hartmann gut in Szene gesetzt. Er wurde jedoch noch kurz vor der Strafraumgrenze von einem Verteidiger gestoppt. In der 75. Spielminute hatten wir unsere beste Torchance. Ein direkter Freisto\u00df von Max Tremmel landete aber leider nur am Pfosten. Davon wurde die Heimelf wieder geweckt und kam nach ruhenden B\u00e4llen zu einigen Halbchancen. In der 88. Minute fiel dann tats\u00e4chlich noch die gl\u00fcckliche F\u00fchrung f\u00fcr den FC Gr\u00fcnsfeld II. Beg\u00fcnstigt durch unsere schlechte R\u00fcckw\u00e4rtsbewegung und einen individuellen Fehler in der Abwehrkette kam der St\u00fcrmer frei zum Abschluss und netzte zum 1:0 ein. Wir warfen in den Schlussminuten nochmal alles nach vorne, kamen aber nicht mehr gef\u00e4hrlich vor das Tor der Gastgeber, sodass es bei der ungl\u00fccklichen Niederlage zum Saisonauftakt blieb.<\/span><\/span><\/p>\n<p><span style=\"font-family: Arial, sans-serif;\"><span style=\"font-size: medium;\">Zum ersten Heimspiel der Saison ist am Sonntag der FC Wertheim-Eichel zu Gast. Die G\u00e4ste konnten am ersten Spieltag durch einen 3:1 Sieg gegen die neu formierte SpG Windischbuch\/Schwabhausen II bereits die ersten drei Punkte der neuen Runde bejubeln.<\/span><\/span><\/p>\n<p><span style=\"font-family: Arial, sans-serif;\"><span style=\"font-size: medium;\"><u>Vorschau:<\/u><\/span><\/span><\/p>\n<p><span style=\"font-family: Arial, sans-serif;\"><span style=\"font-size: medium;\">Sonntag, 02.09.2018 13:15Uhr<\/span><\/span><\/p>\n<p><span style=\"font-family: Arial, sans-serif;\"><span style=\"font-size: medium;\">TSV Assamstadt II \u2013 FC Wertheim-Eichel<\/span><\/span><\/p>\n","protected":false},"excerpt":{"rendered":"<p>FC Gr\u00fcnsfeld II \u2013 TSV Assamstadt II 1:0 Zu Beginn der neuen Runde mussten wir beim FC Gr\u00fcnsfeld II eine bittere Niederlage einstecken. Die Partie begann ausgeglichen und beide Mannschaften &hellip; <a href=\"https:\/\/www.tsv-assamstadt.de\/?p=8237\" class=\"more-link\"><span class=\"screen-reader-text\">Niederlage zum Saisonauftakt<\/span> weiterlesen <span class=\"meta-nav\">&rarr;<\/span><\/a><\/p>\n","protected":false},"author":30,"featured_media":7808,"comment_status":"closed","ping_status":"closed","sticky":false,"template":"","format":"standard","meta":{"ngg_post_thumbnail":0,"jetpack_post_was_ever_published":false,"_jetpack_newsletter_access":"","_jetpack_dont_email_post_to_subs":false,"_jetpack_newsletter_tier_id":0,"_jetpack_memberships_contains_paywalled_content":false,"_jetpack_memberships_contains_paid_content":false,"footnotes":"","jetpack_publicize_message":"Niederlage zum Saisonauftakt","jetpack_publicize_feature_enabled":true,"jetpack_social_post_already_shared":true,"jetpack_social_options":{"image_generator_settings":{"template":"highway","default_image_id":0,"font":"","enabled":false},"version":2}},"categories":[3,1,69],"tags":[66],"class_list":["post-8237","post","type-post","status-publish","format-standard","has-post-thumbnail","hentry","category-2-mannschaft","category-allgemein","category-fusball","tag-highlight"],"jetpack_publicize_connections":[],"jetpack_featured_media_url":"https:\/\/www.tsv-assamstadt.de\/wp-content\/uploads\/2017\/10\/20171011_2.Mannschaft_2017-18-Kopie.jpg","jetpack_sharing_enabled":true,"jetpack_shortlink":"https:\/\/wp.me\/pcugUJ-28R","_links":{"self":[{"href":"https:\/\/www.tsv-assamstadt.de\/index.php?rest_route=\/wp\/v2\/posts\/8237","targetHints":{"allow":["GET"]}}],"collection":[{"href":"https:\/\/www.tsv-assamstadt.de\/index.php?rest_route=\/wp\/v2\/posts"}],"about":[{"href":"https:\/\/www.tsv-assamstadt.de\/index.php?rest_route=\/wp\/v2\/types\/post"}],"author":[{"embeddable":true,"href":"https:\/\/www.tsv-assamstadt.de\/index.php?rest_route=\/wp\/v2\/users\/30"}],"replies":[{"embeddable":true,"href":"https:\/\/www.tsv-assamstadt.de\/index.php?rest_route=%2Fwp%2Fv2%2Fcomments&post=8237"}],"version-history":[{"count":0,"href":"https:\/\/www.tsv-assamstadt.de\/index.php?rest_route=\/wp\/v2\/posts\/8237\/revisions"}],"wp:featuredmedia":[{"embeddable":true,"href":"https:\/\/www.tsv-assamstadt.de\/index.php?rest_route=\/wp\/v2\/media\/7808"}],"wp:attachment":[{"href":"https:\/\/www.tsv-assamstadt.de\/index.php?rest_route=%2Fwp%2Fv2%2Fmedia&parent=8237"}],"wp:term":[{"taxonomy":"category","embeddable":true,"href":"https:\/\/www.tsv-assamstadt.de\/index.php?rest_route=%2Fwp%2Fv2%2Fcategories&post=8237"},{"taxonomy":"post_tag","embeddable":true,"href":"https:\/\/www.tsv-assamstadt.de\/index.php?rest_route=%2Fwp%2Fv2%2Ftags&post=8237"}],"curies":[{"name":"wp","href":"https:\/\/api.w.org\/{rel}","templated":true}]}}