{"id":13155,"date":"2026-04-27T11:03:10","date_gmt":"2026-04-27T09:03:10","guid":{"rendered":"https:\/\/www.tsv-assamstadt.de\/?p=13155"},"modified":"2026-04-27T11:03:12","modified_gmt":"2026-04-27T09:03:12","slug":"klarer-derby-sieg","status":"publish","type":"post","link":"https:\/\/www.tsv-assamstadt.de\/?p=13155","title":{"rendered":"Klarer Derby-Sieg"},"content":{"rendered":"\n<p><strong>TSV Assamstadt I &#8211; FC Umpfertal 5:1<\/strong><br><br>Am 25. Spieltag stand vergangenen Samstag zuhause das Derby gegen den 1. FC Umpfertal an. Wir wollten nach dem Unentschieden vergangene Woche in P\u00fclfringen wieder 3 Punkte holen, um so Umpfertal wieder hinter uns zu lassen.<\/p>\n\n\n\n<p>Das Spiel startete auf beiden Seiten sehr kontrolliert. Zwei Konterm\u00f6glichkeiten gleich zu Beginn lie\u00dfen wir ungenutzt und so sahen die Zuschauer zuerst meist lange Ballbesitz Phasen und viel Defensivfu\u00dfball. Umpfertal versuchte es immer wieder mit langen B\u00e4llen- jedoch ohne Erfolg. Es dauerte bis kurz vor der Halbzeit, dass es zu den ersten richtigen Torchancen kam. Aber wie! Jannis Gei\u00dfler konnte ein Fehlpass vom gegnerischen Keeper stark zur F\u00fchrung verwerten. Nur 3 Minuten sp\u00e4ter verl\u00e4ngerte Malte Siegismund eine Ecke von Fabian H\u00fcgel auf Bastian Quenzer, der zum 2:0 treffen konnte. Wiederum nur eine Minute sp\u00e4ter mussten wir dann nach einem Freisto\u00df aus dem Halbfeld den Anschlusstreffer, und so nochmal eine R\u00fcckschlag kurz vor der Pause, hinnehmen.<br>In die 2. H\u00e4lfte starteten wir dann stark und konnten das Spiel an uns rei\u00dfen. Kurz nach Wiederanpfiff vollstreckte Pascal H\u00fcgel nach Vorlage von Jannis Gei\u00dfler in Champions League Manier mit dem 2. Kontakt in den Knick. 3:1! Wir waren auch im Anschluss die bessere Mannschaft und spielten uns immer wieder hochkar\u00e4tige Chancen heraus. Allerdings scheiterten wir immer wieder am Keeper oder am eigenen Unverm\u00f6gen vor dem Tor und verpassten es so vorerst zu erh\u00f6hen. In der 73. Minute konnte Max Tremmel dann das 4. Tor markieren. \u00dcberragendes Solo \u00fcber den halben Platz! Den Endstand und unseren 5. Treffer konnte dann Lars Pollak per Kopf erzielen, nachdem vorher Freund und Feind an einem langen Einwurf von Malte Siegismund vorbei flogen.<\/p>\n\n\n\n<p>Wir feiern also einen auch in der H\u00f6he mehr als verdienten Derbysieg und stehen jetzt wieder auf Platz 2 mit noch 3 Punkten R\u00fcckstand auf den Tabellenf\u00fchrer. Jetzt gilt es an der starken Leistung anzukn\u00fcpfen und diese weiter Richtung Saisonendspurt abzurufen. N\u00e4chste Woche sind wir ausw\u00e4rts beim Tabellen-Vorletzten in Reicholzheim gefordert. Aber auch hier d\u00fcrfen wir den Gegner nicht untersch\u00e4tzen und m\u00fcssen wieder konzentriert auftreten. Ein gro\u00dfes Dankesch\u00f6n an alles Fans, f\u00fcr die tolle Stimmung am hohen Stutz bei perfektem Wetter. Auch n\u00e4chste Woche hoffen wir wieder auf zahlreiche Unterst\u00fctzung trotz der weiten Anreise!<br><br><strong>Vorschau:<\/strong><br>Sonntag, den 03.05. um 15.00Uhr<br>VfB Reicholzheim &#8211; TSV Assamstadt I<\/p>\n","protected":false},"excerpt":{"rendered":"<p>TSV Assamstadt I &#8211; FC Umpfertal 5:1 Am 25. Spieltag stand vergangenen Samstag zuhause das Derby gegen den 1. FC Umpfertal an. Wir wollten nach dem Unentschieden vergangene Woche in &hellip; <a href=\"https:\/\/www.tsv-assamstadt.de\/?p=13155\" class=\"more-link\"><span class=\"screen-reader-text\">Klarer Derby-Sieg<\/span> weiterlesen <span class=\"meta-nav\">&rarr;<\/span><\/a><\/p>\n","protected":false},"author":40,"featured_media":12889,"comment_status":"closed","ping_status":"closed","sticky":false,"template":"","format":"standard","meta":{"ngg_post_thumbnail":0,"jetpack_post_was_ever_published":false,"_jetpack_newsletter_access":"","_jetpack_dont_email_post_to_subs":false,"_jetpack_newsletter_tier_id":0,"_jetpack_memberships_contains_paywalled_content":false,"_jetpack_memberships_contains_paid_content":false,"footnotes":"","jetpack_publicize_message":"","jetpack_publicize_feature_enabled":true,"jetpack_social_post_already_shared":true,"jetpack_social_options":{"image_generator_settings":{"template":"highway","default_image_id":0,"font":"","enabled":false},"version":2}},"categories":[2,1,69],"tags":[66],"class_list":["post-13155","post","type-post","status-publish","format-standard","has-post-thumbnail","hentry","category-1-mannschaft","category-allgemein","category-fusball","tag-highlight"],"jetpack_publicize_connections":[],"jetpack_featured_media_url":"https:\/\/www.tsv-assamstadt.de\/wp-content\/uploads\/2025\/08\/Mannschaftsbild1A_25_26-scaled.jpg","jetpack_sharing_enabled":true,"jetpack_shortlink":"https:\/\/wp.me\/pcugUJ-3qb","_links":{"self":[{"href":"https:\/\/www.tsv-assamstadt.de\/index.php?rest_route=\/wp\/v2\/posts\/13155","targetHints":{"allow":["GET"]}}],"collection":[{"href":"https:\/\/www.tsv-assamstadt.de\/index.php?rest_route=\/wp\/v2\/posts"}],"about":[{"href":"https:\/\/www.tsv-assamstadt.de\/index.php?rest_route=\/wp\/v2\/types\/post"}],"author":[{"embeddable":true,"href":"https:\/\/www.tsv-assamstadt.de\/index.php?rest_route=\/wp\/v2\/users\/40"}],"replies":[{"embeddable":true,"href":"https:\/\/www.tsv-assamstadt.de\/index.php?rest_route=%2Fwp%2Fv2%2Fcomments&post=13155"}],"version-history":[{"count":1,"href":"https:\/\/www.tsv-assamstadt.de\/index.php?rest_route=\/wp\/v2\/posts\/13155\/revisions"}],"predecessor-version":[{"id":13156,"href":"https:\/\/www.tsv-assamstadt.de\/index.php?rest_route=\/wp\/v2\/posts\/13155\/revisions\/13156"}],"wp:featuredmedia":[{"embeddable":true,"href":"https:\/\/www.tsv-assamstadt.de\/index.php?rest_route=\/wp\/v2\/media\/12889"}],"wp:attachment":[{"href":"https:\/\/www.tsv-assamstadt.de\/index.php?rest_route=%2Fwp%2Fv2%2Fmedia&parent=13155"}],"wp:term":[{"taxonomy":"category","embeddable":true,"href":"https:\/\/www.tsv-assamstadt.de\/index.php?rest_route=%2Fwp%2Fv2%2Fcategories&post=13155"},{"taxonomy":"post_tag","embeddable":true,"href":"https:\/\/www.tsv-assamstadt.de\/index.php?rest_route=%2Fwp%2Fv2%2Ftags&post=13155"}],"curies":[{"name":"wp","href":"https:\/\/api.w.org\/{rel}","templated":true}]}}