{"id":13150,"date":"2026-04-27T10:46:14","date_gmt":"2026-04-27T08:46:14","guid":{"rendered":"https:\/\/www.tsv-assamstadt.de\/?p=13150"},"modified":"2026-04-27T10:46:15","modified_gmt":"2026-04-27T08:46:15","slug":"19-stadtlauf-bad-mergentheim-erfolgreiche-kooperation-grundschule-und-tsv-assamstadt","status":"publish","type":"post","link":"https:\/\/www.tsv-assamstadt.de\/?p=13150","title":{"rendered":"19. Stadtlauf Bad Mergentheim \u2013 Erfolgreiche Kooperation: Grundschule und TSV Assamstadt"},"content":{"rendered":"\n<p><span style=\"font-weight: 400;\">Strahlender Sonnenschein und sportliche H\u00f6chstleistungen!<\/span><\/p>\n<p><span style=\"font-weight: 400;\">Am <strong>Samstag, den 18. April<\/strong>, lockte der <strong>Bad Mergentheimer Stadtlauf knapp 2.000 Teilnehmende<\/strong> an den Start. Besonders stark vertreten war der <strong>TSV Assamstadt mit \u00fcber 100 L\u00e4uferinnen und L\u00e4ufern<\/strong> und sicherte sich mit <strong>489,6 gelaufenen Kilometern, zum dritten Mal in Folge, den Sieg bei der Movies Challenge<\/strong>. Dieser Erfolg ist vor allem der Kooperation mit der Grundschule Assamstadt sowie dem engagierten Einsatz von John Mohr, dem Abteilungsleiter Leichtathletik, zu verdanken. Auf dem flachen Rundkurs durch die historische Altstadt und dem angrenzenden Schloss \u2013 und Kurpark bot das Event die passende Distanz f\u00fcr jedes Alter \u2013 vom Bambini-Lauf bis zum Halbmarathon.<\/span><\/p>\n<p><span style=\"font-weight: 400;\">Folgende Sportlerinnen und Sportler aus Assamstadt waren beim Stadtlauf erfolgreich am Start:<\/span><\/p>\n<p><b>Bambinilauf Kindergarten (200 m)<\/b><\/p>\n<p><span style=\"font-weight: 400;\">Frieda Ansmann, Elly Scherer, Linus Burger, Leno M\u00fcller, Simon Scherer, Valentin Scherer, Finn Walz, Jan Walz<\/span><\/p>\n<p><b>Bambinilauf Klasse 1 (500 m)<\/b><\/p>\n<p><span style=\"font-weight: 400;\">Marlene Behringer, Aileen Melcher, Jasmin Schlechta, Leon Throm<\/span><\/p>\n<p><b>Bambinilauf 2. Klasse (500 m)<\/b><\/p>\n<p><span style=\"font-weight: 400;\">Fiona Kalis, Linda Kohler, Tom Walz<\/span><\/p>\n<p><b>Schul-Cup 3.Klasse (1,1 km)<\/b><\/p>\n<p><span style=\"font-weight: 400;\">Ella Arnold, Anna Hernadi, Luna Fohmann, Zoe Nunn, Laura Scherer, Paula Scherer<\/span><\/p>\n<p><span style=\"font-weight: 400;\">Max Freudenberger, Nils Hinterlang, Henry Scherer, Timo Stumpf, Felix Volk, Jonas Z\u00fcrn<\/span><\/p>\n<p><strong><i>Teamwertung \/ Schul-Cup 3. Klasse<\/i><\/strong><\/p>\n<p><span style=\"font-weight: 400;\">M\u00e4dchen:&nbsp;<\/span><\/p>\n<ol>\n<li style=\"font-weight: 400;\" aria-level=\"1\"><span style=\"font-weight: 400;\">Platz: Ella Arnold, Luna Fohmann, Zoe Nunn, Laura Scherer, Paula Scherer<\/span><\/li>\n<\/ol>\n<p><span style=\"font-weight: 400;\">Jungs:<\/span><\/p>\n<ol>\n<li style=\"font-weight: 400;\" aria-level=\"1\"><span style=\"font-weight: 400;\">Platz: Max Freudenberger, Nils Hinterlang, Timo Stumpf, Felix Volk, Jonas Z\u00fcrn<\/span><\/li>\n<\/ol>\n<p><strong><i>Einzelwertung:<\/i><\/strong><\/p>\n<p><span style=\"font-weight: 400;\">M\u00e4dchen: 3. Laura Scherer 4:38; 4. <\/span>Paula Scherer 4:38<\/p>\n<p><span style=\"font-weight: 400;\">Jungs: 2. Nils Hinterlang 4:02<\/span><\/p>\n<p><b>Schul-Cup 4. Klasse (1,1 km)&nbsp;<\/b><\/p>\n<p><span style=\"font-weight: 400;\">Lisa Arnold, Paula Behringer, Alisa Diehm, Emilia Hammel, Mara H\u00fcgel, Emily Kalis, Klara Mach, Mila Nunn, Annika Rupp, Emily Throm, Lea Wachter, Sina Wachter<\/span><\/p>\n<p><span style=\"font-weight: 400;\">Florian H\u00fcgel, Robin H\u00fcgel, Peter Kammleiter, Mateo Mohr, Silas Riegler, Jonah Ruf, Tom Wachter&nbsp;<\/span><\/p>\n<p><strong><i>Teamwertung \/ Schul-Cup 4. Klasse<\/i><\/strong><\/p>\n<p><span style=\"font-weight: 400;\">M\u00e4dchen:<\/span><\/p>\n<ol>\n<li style=\"font-weight: 400;\" aria-level=\"1\"><span style=\"font-weight: 400;\">Platz: Lisa Arnold, Alisa Diehm, Emily Throm, Lea Wachter, Sina Wachter<\/span><\/li>\n<\/ol>\n<p><span style=\"font-weight: 400;\">Jungs:<\/span><\/p>\n<ol>\n<li style=\"font-weight: 400;\" aria-level=\"1\"><span style=\"font-weight: 400;\">Platz: Robin H\u00fcgel, Peter Kammleiter, Mateo Mohr, Silas Riegler, Tom Wachter<\/span><\/li>\n<\/ol>\n<p><strong><i>Einzelwertung:<\/i><\/strong><\/p>\n<p><span style=\"font-weight: 400;\">M\u00e4dchen: 1. Sina Wachter 4:20, 4. <\/span>Alisa Diehm 4:24<\/p>\n<p><span style=\"font-weight: 400;\">Jungs: 3. Silas Riegler 3:57, 4. <\/span>Tom Wachter 3:59<\/p>\n<p>&nbsp;<\/p>\n<p><span style=\"font-weight: 400;\">Weitere TSV&#8217;ler starteten f\u00fcr ihre weiterf\u00fchrenden Schulen:<\/span><\/p>\n<p><b>Schul-Cup 5. Klasse (1,1 km)<\/b><\/p>\n<p><span style=\"font-weight: 400;\">Lara Deuser, Laura Mayer, Alivia Rodriguez, Tom Deuser<\/span><\/p>\n<p><b>Schul-Cup 6. Klasse (1,1 km)<\/b><\/p>\n<p><span style=\"font-weight: 400;\">Emelie Hinterlang, Sophie H\u00fcgel, Marja Mohr, Vincent Rupp<\/span><\/p>\n<p><i><span style=\"font-weight: 400;\">Teamwertung \/ Schul-Cup 6. Klasse<\/span><\/i><\/p>\n<ol>\n<li style=\"font-weight: 400;\" aria-level=\"1\"><span style=\"font-weight: 400;\">Platz \/ RS St. Bernhard: Marja Mohr<\/span><\/li>\n<\/ol>\n<p><b>Sch\u00fclerlauf 2,2 km<\/b><\/p>\n<p><span style=\"font-weight: 400;\">Sophie Behringer, Lotta Burger, Emelie Hinterlang, Sophie H\u00fcgel, Florentine Mohr, Alina M\u00fcller, Fee-Luna Nied, Magdalena Retzbach, Victoria Retzbach, Hannah Rupp, Lenia Scharfy, Milena Wachter&nbsp;<\/span><\/p>\n<p><span style=\"font-weight: 400;\">Joshua Behr, Marlon Fohmann, Nikita Heimbuch, Martin H\u00fcgel, Frederik Mohr, Eliah Scharfy, Philipp Rupp, Pier Schlenkhoff, Lukas Stauch, Nikita Ushakova, Tim Wachter<\/span><\/p>\n<p><i><span style=\"font-weight: 400;\">Einzelwertung:&nbsp;<\/span><\/i><\/p>\n<p><span style=\"font-weight: 400;\">M\u00e4dchen:<\/span><\/p>\n<ol>\n<li><span style=\"font-weight: 400;\"> Milena Wachter 8:54<\/span><\/li>\n<li><span style=\"font-weight: 400;\"> Sophie Behringer 9.40<\/span><\/li>\n<\/ol>\n<p><span style=\"font-weight: 400;\">&nbsp;&nbsp;&nbsp;&nbsp;Jungs:<\/span><\/p>\n<ol>\n<li style=\"font-weight: 400;\" aria-level=\"1\"><span style=\"font-weight: 400;\">Martin H\u00fcgel 8:21<\/span><\/li>\n<li style=\"font-weight: 400;\" aria-level=\"1\"><span style=\"font-weight: 400;\">Pier Schlenkhoff 8:50<\/span><\/li>\n<\/ol>\n<p><b>5 km Jugendlauf &#8211; Gesamtwertung<\/b><\/p>\n<p><span style=\"font-weight: 400;\">Weiblich:&nbsp;<\/span><\/p>\n<ol start=\"7\">\n<li><span style=\"font-weight: 400;\"> Marie Zeitler 29:06<\/span><\/li>\n<li><span style=\"font-weight: 400;\"> Maike Diez 30:17<\/span><\/li>\n<li><span style=\"font-weight: 400;\"> Nele Egner 30:22<\/span><\/li>\n<\/ol>\n<p><span style=\"font-weight: 400;\">M\u00e4nnlich:&nbsp;<\/span><\/p>\n<ol start=\"19\">\n<li><span style=\"font-weight: 400;\"> Anton Freudenberger 27:56<\/span><\/li>\n<li><span style=\"font-weight: 400;\"> Noah Ruf 29:38<\/span><\/li>\n<\/ol>\n<p>&nbsp;<\/p>\n<p><b>5 km AOK Gesundheitslauf &#8211; Gesamtwertung<\/b><\/p>\n<p><span style=\"font-weight: 400;\">Weiblich:<\/span><\/p>\n<ol start=\"9\">\n<li><span style=\"font-weight: 400;\"> Julia Melcher 24:38<\/span><\/li>\n<li><span style=\"font-weight: 400;\"> Ramona Ruf 29:40<\/span><\/li>\n<li><span style=\"font-weight: 400;\"> Martina Schmeiser 30:15<\/span><\/li>\n<li><span style=\"font-weight: 400;\"> Anna M\u00fcller 32:15<\/span><\/li>\n<\/ol>\n<p><span style=\"font-weight: 400;\">M\u00e4nnlich:<\/span><\/p>\n<ol start=\"59\">\n<li><span style=\"font-weight: 400;\"> Carsten Leuser 29:38&nbsp;&nbsp;&nbsp;&nbsp;&nbsp;<\/span><\/li>\n<\/ol>\n<p><b>10 km Lauf \u2013 Gesamtwertung<\/b><\/p>\n<p><span style=\"font-weight: 400;\">Weiblich:<\/span><\/p>\n<ol start=\"10\">\n<li><span style=\"font-weight: 400;\"> Hanna Gr\u00f6\u00dflein 49:48<\/span><\/li>\n<li><span style=\"font-weight: 400;\"> Theresa Ansmann 52:10<\/span><\/li>\n<li><span style=\"font-weight: 400;\"> Mailin Rupp 52:28<\/span><\/li>\n<li><span style=\"font-weight: 400;\"> Stefanie Fohmann 52:50<\/span><\/li>\n<li><span style=\"font-weight: 400;\"> Brigitte Schneider 55:12<\/span><\/li>\n<\/ol>\n<p><span style=\"font-weight: 400;\">M\u00e4nnlich:<\/span><\/p>\n<ol start=\"39\">\n<li><span style=\"font-weight: 400;\"> Andreas Arnold 48:42<\/span><\/li>\n<li><span style=\"font-weight: 400;\"> Markus Borck 51:50<\/span><\/li>\n<li><span style=\"font-weight: 400;\"> Rolf Scherer 53:23<\/span><\/li>\n<li><span style=\"font-weight: 400;\"> Uwe Freudenberger 53:33<\/span><\/li>\n<li><span style=\"font-weight: 400;\"> Lars Simon 53:33<\/span><\/li>\n<li><span style=\"font-weight: 400;\"> J\u00fcrgen Hernadi 53:56<\/span><\/li>\n<li><span style=\"font-weight: 400;\"> Armin Rupp 59:23<\/span><\/li>\n<li><span style=\"font-weight: 400;\"> Oliver Hammel 1:03<\/span><\/li>\n<\/ol>\n<p><b>Stadtwerke Tauberfranken Halbmarathon \u2013 Gesamtwertung<\/b><\/p>\n<ol start=\"11\">\n<li><span style=\"font-weight: 400;\"> John Mohr 1:28:51<\/span><\/li>\n<li><span style=\"font-weight: 400;\"> Maximilian Rupp 1:29:21<\/span><\/li>\n<li><span style=\"font-weight: 400;\"> Moritz Herold 1:52:52<\/span><\/li>\n<li><span style=\"font-weight: 400;\"> Matthias Herold 1:52:52<\/span><\/li>\n<\/ol>\n<p><strong>Herzlichen Gl\u00fcckwunsch allen Teilnehmern zu ihren gro\u00dfartigen Leistungen und pers\u00f6nlichen Erfolgen!<\/strong><\/p>\n<p><img loading=\"lazy\" decoding=\"async\" class=\"aligncenter size-large wp-image-13152\" src=\"https:\/\/www.tsv-assamstadt.de\/wp-content\/uploads\/2026\/04\/stadtlauf_bild2-1024x1024.jpg\" alt=\"\" width=\"474\" height=\"474\" srcset=\"https:\/\/www.tsv-assamstadt.de\/wp-content\/uploads\/2026\/04\/stadtlauf_bild2-1024x1024.jpg 1024w, https:\/\/www.tsv-assamstadt.de\/wp-content\/uploads\/2026\/04\/stadtlauf_bild2-300x300.jpg 300w, https:\/\/www.tsv-assamstadt.de\/wp-content\/uploads\/2026\/04\/stadtlauf_bild2-150x150.jpg 150w, https:\/\/www.tsv-assamstadt.de\/wp-content\/uploads\/2026\/04\/stadtlauf_bild2-768x768.jpg 768w, https:\/\/www.tsv-assamstadt.de\/wp-content\/uploads\/2026\/04\/stadtlauf_bild2-1536x1536.jpg 1536w, https:\/\/www.tsv-assamstadt.de\/wp-content\/uploads\/2026\/04\/stadtlauf_bild2.jpg 2048w\" sizes=\"auto, (max-width: 474px) 100vw, 474px\" \/> <img loading=\"lazy\" decoding=\"async\" class=\"aligncenter size-large wp-image-13151\" src=\"https:\/\/www.tsv-assamstadt.de\/wp-content\/uploads\/2026\/04\/stadtlauf_bild1-1024x1024.jpg\" alt=\"\" width=\"474\" height=\"474\" srcset=\"https:\/\/www.tsv-assamstadt.de\/wp-content\/uploads\/2026\/04\/stadtlauf_bild1-1024x1024.jpg 1024w, https:\/\/www.tsv-assamstadt.de\/wp-content\/uploads\/2026\/04\/stadtlauf_bild1-300x300.jpg 300w, https:\/\/www.tsv-assamstadt.de\/wp-content\/uploads\/2026\/04\/stadtlauf_bild1-150x150.jpg 150w, https:\/\/www.tsv-assamstadt.de\/wp-content\/uploads\/2026\/04\/stadtlauf_bild1-768x768.jpg 768w, https:\/\/www.tsv-assamstadt.de\/wp-content\/uploads\/2026\/04\/stadtlauf_bild1-1536x1536.jpg 1536w, https:\/\/www.tsv-assamstadt.de\/wp-content\/uploads\/2026\/04\/stadtlauf_bild1.jpg 2048w\" sizes=\"auto, (max-width: 474px) 100vw, 474px\" \/><\/p>\n\n\n","protected":false},"excerpt":{"rendered":"<p>Strahlender Sonnenschein und sportliche H\u00f6chstleistungen! Am Samstag, den 18. April, lockte der Bad Mergentheimer Stadtlauf knapp 2.000 Teilnehmende an den Start. Besonders stark vertreten war der TSV Assamstadt mit \u00fcber &hellip; <a href=\"https:\/\/www.tsv-assamstadt.de\/?p=13150\" class=\"more-link\"><span class=\"screen-reader-text\">19. Stadtlauf Bad Mergentheim \u2013 Erfolgreiche Kooperation: Grundschule und TSV Assamstadt<\/span> weiterlesen <span class=\"meta-nav\">&rarr;<\/span><\/a><\/p>\n","protected":false},"author":42,"featured_media":13152,"comment_status":"closed","ping_status":"closed","sticky":false,"template":"","format":"standard","meta":{"ngg_post_thumbnail":0,"jetpack_post_was_ever_published":false,"_jetpack_newsletter_access":"","_jetpack_dont_email_post_to_subs":false,"_jetpack_newsletter_tier_id":0,"_jetpack_memberships_contains_paywalled_content":false,"_jetpack_memberships_contains_paid_content":false,"footnotes":"","jetpack_publicize_message":"","jetpack_publicize_feature_enabled":true,"jetpack_social_post_already_shared":true,"jetpack_social_options":{"image_generator_settings":{"template":"highway","default_image_id":0,"font":"","enabled":false},"version":2}},"categories":[1,70,17],"tags":[],"class_list":["post-13150","post","type-post","status-publish","format-standard","has-post-thumbnail","hentry","category-allgemein","category-leichtathletik","category-verschiedenes"],"jetpack_publicize_connections":[],"jetpack_featured_media_url":"https:\/\/www.tsv-assamstadt.de\/wp-content\/uploads\/2026\/04\/stadtlauf_bild2.jpg","jetpack_sharing_enabled":true,"jetpack_shortlink":"https:\/\/wp.me\/pcugUJ-3q6","_links":{"self":[{"href":"https:\/\/www.tsv-assamstadt.de\/index.php?rest_route=\/wp\/v2\/posts\/13150","targetHints":{"allow":["GET"]}}],"collection":[{"href":"https:\/\/www.tsv-assamstadt.de\/index.php?rest_route=\/wp\/v2\/posts"}],"about":[{"href":"https:\/\/www.tsv-assamstadt.de\/index.php?rest_route=\/wp\/v2\/types\/post"}],"author":[{"embeddable":true,"href":"https:\/\/www.tsv-assamstadt.de\/index.php?rest_route=\/wp\/v2\/users\/42"}],"replies":[{"embeddable":true,"href":"https:\/\/www.tsv-assamstadt.de\/index.php?rest_route=%2Fwp%2Fv2%2Fcomments&post=13150"}],"version-history":[{"count":1,"href":"https:\/\/www.tsv-assamstadt.de\/index.php?rest_route=\/wp\/v2\/posts\/13150\/revisions"}],"predecessor-version":[{"id":13153,"href":"https:\/\/www.tsv-assamstadt.de\/index.php?rest_route=\/wp\/v2\/posts\/13150\/revisions\/13153"}],"wp:featuredmedia":[{"embeddable":true,"href":"https:\/\/www.tsv-assamstadt.de\/index.php?rest_route=\/wp\/v2\/media\/13152"}],"wp:attachment":[{"href":"https:\/\/www.tsv-assamstadt.de\/index.php?rest_route=%2Fwp%2Fv2%2Fmedia&parent=13150"}],"wp:term":[{"taxonomy":"category","embeddable":true,"href":"https:\/\/www.tsv-assamstadt.de\/index.php?rest_route=%2Fwp%2Fv2%2Fcategories&post=13150"},{"taxonomy":"post_tag","embeddable":true,"href":"https:\/\/www.tsv-assamstadt.de\/index.php?rest_route=%2Fwp%2Fv2%2Ftags&post=13150"}],"curies":[{"name":"wp","href":"https:\/\/api.w.org\/{rel}","templated":true}]}}