{"id":12954,"date":"2025-10-06T16:59:00","date_gmt":"2025-10-06T14:59:00","guid":{"rendered":"https:\/\/www.tsv-assamstadt.de\/?p=12954"},"modified":"2025-10-06T15:03:45","modified_gmt":"2025-10-06T13:03:45","slug":"erster-dreier-der-saison-2-2-2","status":"publish","type":"post","link":"https:\/\/www.tsv-assamstadt.de\/?p=12954","title":{"rendered":"Wichtige drei Punkte gegen einen starken Gegner"},"content":{"rendered":"\n<div class=\"x_elementToProof\" data-ogsc=\"rgb(0, 0, 0)\">&nbsp;<\/div>\n<div class=\"x_elementToProof\" data-ogsc=\"rgb(0, 0, 0)\">\n<div class=\"x_elementToProof\" data-ogsc=\"rgb(0, 0, 0)\">\n<div class=\"x_elementToProof\" data-ogsc=\"rgb(0, 0, 0)\"><b data-ogsc=\"\" data-olk-copy-source=\"MessageBody\">TSV Assamstadt II \u2013 SpG Gr\u00fcnsfeld II\/ Zimmern &nbsp;&nbsp;&nbsp;&nbsp;&nbsp;&nbsp;&nbsp;&nbsp;&nbsp;&nbsp; 2:0<\/b><\/div>\n<div data-ogsc=\"rgb(0, 0, 0)\">&nbsp;<\/div>\n<div class=\"x_elementToProof\" data-ogsc=\"rgb(0, 0, 0)\">Am Sonntag traf unsere zweite Mannschaft zuhause um 13 Uhr auf die SpG Gr\u00fcnsfeld II\/Zimmern. Schon vor der Partie war klar, dass es gegen den Absteiger der letzten Saison aus der Kreisliga kein einfaches Spiel werden w\u00fcrde. Durch eine Hochzeit und einen Ausflug der Purzler war die Personalsituation an diesem Wochenende zudem etwas durcheinander.<\/div>\n<div data-ogsc=\"rgb(0, 0, 0)\">&nbsp;<\/div>\n<div class=\"x_elementToProof\" data-ogsc=\"rgb(0, 0, 0)\">Mit Unterst\u00fctzung einiger Spieler aus der ersten Mannschaft sowie Torwart&nbsp;<b data-ogsc=\"\">Viktor Stetel<\/b>, der nach langer Verletzung endlich wieder \u00fcber 90 Minuten zum Einsatz kam, konnten wir eine schlagkr\u00e4ftige Truppe aufs Feld schicken.<\/div>\n<div data-ogsc=\"rgb(0, 0, 0)\">&nbsp;<\/div>\n<div class=\"x_elementToProof\" data-ogsc=\"rgb(0, 0, 0)\">Wir starteten gut in die Partie, hatten in den ersten 20 Minuten das Spiel im Griff und kamen immer wieder \u00fcber den rechten Fl\u00fcgel gef\u00e4hrlich vor das gegnerische Tor. Leider blieben unsere Chancen zun\u00e4chst ungenutzt.<br>Ab Mitte der ersten Halbzeit kamen die G\u00e4ste besser ins Spiel und \u00fcbernahmen mehr Kontrolle im Mittelfeld. Nach einigen Unachtsamkeiten in unseren Reihen kam Gr\u00fcnsfeld zu guten Gelegenheiten \u2013 doch&nbsp;<b data-ogsc=\"\">Viktor Stetel<\/b>&nbsp;parierte souver\u00e4n. So ging es mit einem gerechten 0:0 in die Pause.<\/div>\n<div data-ogsc=\"rgb(0, 0, 0)\">&nbsp;<\/div>\n<div class=\"x_elementToProof\" data-ogsc=\"rgb(0, 0, 0)\">Nach dem Seitenwechsel erwischten wir den besseren Start: In der 52. Minute nutzte&nbsp;<b data-ogsc=\"\">Andi Rupp<\/b>&nbsp;einen Fehler in der gegnerischen Abwehr eiskalt aus und erzielte das 1:0. Danach spielte sich das Geschehen \u00fcberwiegend im Mittelfeld ab. Nach einem sch\u00f6nen Spielzug hatte&nbsp;<b data-ogsc=\"\">Maxi Mutsch<\/b>&nbsp;die gro\u00dfe Chance auf das 2:0, scheiterte jedoch am Keeper. Auch Gr\u00fcnsfeld kam nochmals gef\u00e4hrlich vors Tor, doch entweder war Viktor zur Stelle oder die Abwehr kl\u00e4rte in letzter Sekunde.<\/div>\n<div class=\"x_elementToProof\" data-ogsc=\"rgb(0, 0, 0)\">In der 85. Minute sorgte schlie\u00dflich&nbsp;<b data-ogsc=\"\">Dani Stetel<\/b>&nbsp;nach einem Einwurf f\u00fcr die erl\u00f6sende 2:0-F\u00fchrung, die wir souver\u00e4n \u00fcber die Zeit brachten.<\/div>\n<div data-ogsc=\"rgb(0, 0, 0)\">&nbsp;<\/div>\n<div class=\"x_elementToProof\" data-ogsc=\"rgb(0, 0, 0)\">Ein ganz wichtiger Sieg im Abstiegskampf! Ein gro\u00dfer Dank geht an alle Spieler, die an diesem Wochenende \u2013 in einer bunt zusammengew\u00fcrfelten Truppe \u2013 mit gro\u00dfem Einsatz zum Erfolg beigetragen haben.<\/div>\n<div class=\"x_elementToProof\" data-ogsc=\"rgb(0, 0, 0)\">&nbsp;<\/div>\n<\/div>\n<\/div>\n<div data-ogsc=\"rgb(0, 0, 0)\">&nbsp;<\/div>\n<div data-ogsc=\"rgb(0, 0, 0)\"><strong>Vorschau:<\/strong><br>Sonntag, 12.10.2025 um 15:00 Uhr in Dittwar<br>SpG Dittwar\/Heckfeld &#8211; TSV Assamstadt II<\/div>\n","protected":false},"excerpt":{"rendered":"<p>&nbsp; TSV Assamstadt II \u2013 SpG Gr\u00fcnsfeld II\/ Zimmern &nbsp;&nbsp;&nbsp;&nbsp;&nbsp;&nbsp;&nbsp;&nbsp;&nbsp;&nbsp; 2:0 &nbsp; Am Sonntag traf unsere zweite Mannschaft zuhause um 13 Uhr auf die SpG Gr\u00fcnsfeld II\/Zimmern. Schon vor der &hellip; <a href=\"https:\/\/www.tsv-assamstadt.de\/?p=12954\" class=\"more-link\"><span class=\"screen-reader-text\">Wichtige drei Punkte gegen einen starken Gegner<\/span> weiterlesen <span class=\"meta-nav\">&rarr;<\/span><\/a><\/p>\n","protected":false},"author":41,"featured_media":11846,"comment_status":"closed","ping_status":"closed","sticky":false,"template":"","format":"standard","meta":{"ngg_post_thumbnail":0,"jetpack_post_was_ever_published":false,"_jetpack_newsletter_access":"","_jetpack_dont_email_post_to_subs":false,"_jetpack_newsletter_tier_id":0,"_jetpack_memberships_contains_paywalled_content":false,"_jetpack_memberships_contains_paid_content":false,"footnotes":"","jetpack_publicize_message":"","jetpack_publicize_feature_enabled":true,"jetpack_social_post_already_shared":true,"jetpack_social_options":{"image_generator_settings":{"template":"highway","default_image_id":0,"font":"","enabled":false},"version":2}},"categories":[3,1,69],"tags":[],"class_list":["post-12954","post","type-post","status-publish","format-standard","has-post-thumbnail","hentry","category-2-mannschaft","category-allgemein","category-fusball"],"jetpack_publicize_connections":[],"jetpack_featured_media_url":"https:\/\/www.tsv-assamstadt.de\/wp-content\/uploads\/2024\/03\/DSC_0036-scaled.jpg","jetpack_sharing_enabled":true,"jetpack_shortlink":"https:\/\/wp.me\/pcugUJ-3mW","_links":{"self":[{"href":"https:\/\/www.tsv-assamstadt.de\/index.php?rest_route=\/wp\/v2\/posts\/12954","targetHints":{"allow":["GET"]}}],"collection":[{"href":"https:\/\/www.tsv-assamstadt.de\/index.php?rest_route=\/wp\/v2\/posts"}],"about":[{"href":"https:\/\/www.tsv-assamstadt.de\/index.php?rest_route=\/wp\/v2\/types\/post"}],"author":[{"embeddable":true,"href":"https:\/\/www.tsv-assamstadt.de\/index.php?rest_route=\/wp\/v2\/users\/41"}],"replies":[{"embeddable":true,"href":"https:\/\/www.tsv-assamstadt.de\/index.php?rest_route=%2Fwp%2Fv2%2Fcomments&post=12954"}],"version-history":[{"count":0,"href":"https:\/\/www.tsv-assamstadt.de\/index.php?rest_route=\/wp\/v2\/posts\/12954\/revisions"}],"wp:featuredmedia":[{"embeddable":true,"href":"https:\/\/www.tsv-assamstadt.de\/index.php?rest_route=\/wp\/v2\/media\/11846"}],"wp:attachment":[{"href":"https:\/\/www.tsv-assamstadt.de\/index.php?rest_route=%2Fwp%2Fv2%2Fmedia&parent=12954"}],"wp:term":[{"taxonomy":"category","embeddable":true,"href":"https:\/\/www.tsv-assamstadt.de\/index.php?rest_route=%2Fwp%2Fv2%2Fcategories&post=12954"},{"taxonomy":"post_tag","embeddable":true,"href":"https:\/\/www.tsv-assamstadt.de\/index.php?rest_route=%2Fwp%2Fv2%2Ftags&post=12954"}],"curies":[{"name":"wp","href":"https:\/\/api.w.org\/{rel}","templated":true}]}}