{"id":12944,"date":"2025-09-29T16:48:00","date_gmt":"2025-09-29T14:48:00","guid":{"rendered":"https:\/\/www.tsv-assamstadt.de\/?p=12944"},"modified":"2025-09-29T13:51:38","modified_gmt":"2025-09-29T11:51:38","slug":"erster-dreier-der-saison-2-2","status":"publish","type":"post","link":"https:\/\/www.tsv-assamstadt.de\/?p=12944","title":{"rendered":"Verdiente Ausw\u00e4rtsniederlage"},"content":{"rendered":"\n<div class=\"x_elementToProof\" data-ogsc=\"rgb(0, 0, 0)\">\n<div class=\"x_elementToProof\" data-ogsc=\"rgb(0, 0, 0)\"><b data-ogsc=\"\" data-olk-copy-source=\"MessageBody\">SpG Distelhausen \/ Lauda II \u2013 TSV Assamstadt II 5:1<\/b><\/div>\n<\/div>\n<div data-ogsc=\"rgb(0, 0, 0)\">&nbsp;<\/div>\n<div data-ogsc=\"rgb(0, 0, 0)\">Am Sonntag waren wir zu Gast in Distelhausen. Wir starteten gut in die Partie und konnten bereits nach einer Minute durch <b data-ogsc=\"\">David Kohler<\/b>&nbsp;fr\u00fch in F\u00fchrung gehen. Dieser Treffer gab uns zun\u00e4chst etwas Sicherheit, und so hatten wir die ersten 20 Minuten das Spiel recht ordentlich im Griff.<\/div>\n<div data-ogsc=\"rgb(0, 0, 0)\">&nbsp;<\/div>\n<div class=\"x_elementToProof\" data-ogsc=\"rgb(0, 0, 0)\">\n<div class=\"x_elementToProof\" data-ogsc=\"rgb(0, 0, 0)\">Doch Mitte der ersten Halbzeit kippte die Begegnung. Die Heimelf kam besser ins Spiel, nutzte die R\u00e4ume im Mittelfeld und wir bekamen den Gegner nicht mehr unter Kontrolle. In der 37. Minute fiel folgerichtig der Ausgleich. Anschlie\u00dfend hatte Distelhausen mehrere Gro\u00dfchancen, und wir gingen mit einem gl\u00fccklichen&nbsp;<b data-ogsc=\"\">1:1<\/b>&nbsp;in die Halbzeitpause.<\/div>\n<div data-ogsc=\"rgb(0, 0, 0)\">&nbsp;<\/div>\n<div class=\"x_elementToProof\" data-ogsc=\"rgb(0, 0, 0)\">Der Start in die zweite H\u00e4lfte verlief denkbar schlecht: Durch individuelle Abspielfehler und missgl\u00fcckte Kl\u00e4rungsversuche kassierten wir innerhalb von nur f\u00fcnf Minuten zwei Gegentreffer \u2013 pl\u00f6tzlich lagen wir&nbsp;<b data-ogsc=\"\">1:3<\/b>&nbsp;zur\u00fcck. Auch im weiteren Verlauf gelang es uns nicht, zwingende Torchancen zu erarbeiten.<\/div>\n<div data-ogsc=\"rgb(0, 0, 0)\">&nbsp;<\/div>\n<div class=\"x_elementToProof\" data-ogsc=\"rgb(0, 0, 0)\">Am Ende waren wir einem an diesem Tag&nbsp;<b data-ogsc=\"\">giftigeren und k\u00e4mpferisch st\u00e4rkeren Gegner<\/b>&nbsp;in allen Belangen unterlegen. Distelhausen wollte den Sieg einfach mehr \u2013 und wir hatten dem wenig entgegenzusetzen.<\/div>\n<div data-ogsc=\"rgb(0, 0, 0)\">&nbsp;<\/div>\n<div class=\"x_elementToProof\" data-ogsc=\"rgb(0, 0, 0)\">Nun gilt der Blick nach vorne: Am Sonntag um&nbsp;<b data-ogsc=\"\">13:00 Uhr<\/b>&nbsp;empfangen wir zuhause die&nbsp;<b data-ogsc=\"\">SpG Gr\u00fcnsfeld II \/ Zimmern<\/b>. Dort m\u00fcssen wir eine ganz andere Leistung auf den Platz bringen und den Kampf um den Klassenerhalt schon fr\u00fch in der Saison annehmen.&nbsp;<b data-ogsc=\"\">Nur gemeinsam k\u00f6nnen wir dieses Ziel erreichen!<\/b><\/div>\n<\/div>\n<div data-ogsc=\"rgb(0, 0, 0)\">&nbsp;<\/div>\n<div data-ogsc=\"rgb(0, 0, 0)\">&nbsp;<\/div>\n<div data-ogsc=\"rgb(0, 0, 0)\"><strong>Vorschau:<\/strong><br>Sonntag, 05.10.2025 um 13:00 Uhr auf dem Hohen Stutz<br>TSV Assamstadt II &#8211; SpG Gr\u00fcnsfeld II\/Zimmern<\/div>\n","protected":false},"excerpt":{"rendered":"<p>SpG Distelhausen \/ Lauda II \u2013 TSV Assamstadt II 5:1 &nbsp; Am Sonntag waren wir zu Gast in Distelhausen. Wir starteten gut in die Partie und konnten bereits nach einer &hellip; <a href=\"https:\/\/www.tsv-assamstadt.de\/?p=12944\" class=\"more-link\"><span class=\"screen-reader-text\">Verdiente Ausw\u00e4rtsniederlage<\/span> weiterlesen <span class=\"meta-nav\">&rarr;<\/span><\/a><\/p>\n","protected":false},"author":41,"featured_media":11846,"comment_status":"closed","ping_status":"closed","sticky":false,"template":"","format":"standard","meta":{"ngg_post_thumbnail":0,"jetpack_post_was_ever_published":false,"_jetpack_newsletter_access":"","_jetpack_dont_email_post_to_subs":false,"_jetpack_newsletter_tier_id":0,"_jetpack_memberships_contains_paywalled_content":false,"_jetpack_memberships_contains_paid_content":false,"footnotes":"","jetpack_publicize_message":"","jetpack_publicize_feature_enabled":true,"jetpack_social_post_already_shared":true,"jetpack_social_options":{"image_generator_settings":{"template":"highway","default_image_id":0,"font":"","enabled":false},"version":2}},"categories":[3,1,69],"tags":[],"class_list":["post-12944","post","type-post","status-publish","format-standard","has-post-thumbnail","hentry","category-2-mannschaft","category-allgemein","category-fusball"],"jetpack_publicize_connections":[],"jetpack_featured_media_url":"https:\/\/www.tsv-assamstadt.de\/wp-content\/uploads\/2024\/03\/DSC_0036-scaled.jpg","jetpack_sharing_enabled":true,"jetpack_shortlink":"https:\/\/wp.me\/pcugUJ-3mM","_links":{"self":[{"href":"https:\/\/www.tsv-assamstadt.de\/index.php?rest_route=\/wp\/v2\/posts\/12944","targetHints":{"allow":["GET"]}}],"collection":[{"href":"https:\/\/www.tsv-assamstadt.de\/index.php?rest_route=\/wp\/v2\/posts"}],"about":[{"href":"https:\/\/www.tsv-assamstadt.de\/index.php?rest_route=\/wp\/v2\/types\/post"}],"author":[{"embeddable":true,"href":"https:\/\/www.tsv-assamstadt.de\/index.php?rest_route=\/wp\/v2\/users\/41"}],"replies":[{"embeddable":true,"href":"https:\/\/www.tsv-assamstadt.de\/index.php?rest_route=%2Fwp%2Fv2%2Fcomments&post=12944"}],"version-history":[{"count":0,"href":"https:\/\/www.tsv-assamstadt.de\/index.php?rest_route=\/wp\/v2\/posts\/12944\/revisions"}],"wp:featuredmedia":[{"embeddable":true,"href":"https:\/\/www.tsv-assamstadt.de\/index.php?rest_route=\/wp\/v2\/media\/11846"}],"wp:attachment":[{"href":"https:\/\/www.tsv-assamstadt.de\/index.php?rest_route=%2Fwp%2Fv2%2Fmedia&parent=12944"}],"wp:term":[{"taxonomy":"category","embeddable":true,"href":"https:\/\/www.tsv-assamstadt.de\/index.php?rest_route=%2Fwp%2Fv2%2Fcategories&post=12944"},{"taxonomy":"post_tag","embeddable":true,"href":"https:\/\/www.tsv-assamstadt.de\/index.php?rest_route=%2Fwp%2Fv2%2Ftags&post=12944"}],"curies":[{"name":"wp","href":"https:\/\/api.w.org\/{rel}","templated":true}]}}