{"id":12938,"date":"2025-09-23T09:22:00","date_gmt":"2025-09-23T07:22:00","guid":{"rendered":"https:\/\/www.tsv-assamstadt.de\/?p=12938"},"modified":"2025-09-23T09:13:45","modified_gmt":"2025-09-23T07:13:45","slug":"erster-dreier-der-saison-2","status":"publish","type":"post","link":"https:\/\/www.tsv-assamstadt.de\/?p=12938","title":{"rendered":"In 2 Minuten das Spiel verloren"},"content":{"rendered":"\n<div class=\"x_elementToProof\" data-ogsc=\"rgb(0, 0, 0)\"><b data-ogsc=\"\" data-olk-copy-source=\"MessageBody\">TSV Assamstadt II \u2013 SpG Welzbachtal 0:3<\/b><\/div>\n<div data-ogsc=\"rgb(0, 0, 0)\">&nbsp;<\/div>\n<div class=\"x_elementToProof\" data-ogsc=\"rgb(0, 0, 0)\">Mit R\u00fcckenwind nach dem ersten Saisonsieg in der vergangenen Woche gingen wir optimistisch in das Heimspiel gegen Welzbachtal. Schon aus der Vorsaison war uns bewusst, dass uns ein starker Gegner erwartete und wir eine sehr gute Leistung ben\u00f6tigen w\u00fcrden, um die Punkte in Assamstadt zu behalten.<\/div>\n<div data-ogsc=\"rgb(0, 0, 0)\">&nbsp;<\/div>\n<div class=\"x_elementToProof\" data-ogsc=\"rgb(0, 0, 0)\">Doch bevor der Stadionsprecher die Aufstellungen zu Ende verlesen konnte, lagen wir bereits nach knapp einer Minute durch eine Unachtsamkeit im Mittelfeld und dem daraus resultierenden Gegentor mit 0:1 zur\u00fcck. Der fr\u00fche R\u00fcckstand zeigte Wirkung \u2013 erst nach rund f\u00fcnf Minuten fanden wir langsam ins Spiel. In der restlichen ersten H\u00e4lfte passierte auf beiden Seiten nicht mehr viel: Welzbachtal blieb durch lange B\u00e4lle gef\u00e4hrlich, die aber meist durch Abseits oder unsere Abwehr gestoppt wurden. So ging es mit einem knappen 0:1 in die Pause.<\/div>\n<div data-ogsc=\"rgb(0, 0, 0)\">&nbsp;<\/div>\n<div class=\"x_elementToProof\" data-ogsc=\"rgb(0, 0, 0)\">In der Halbzeit nahmen wir uns viel vor \u2013 doch bekanntlich kommt es oft anders, als man denkt. Direkt nach Wiederanpfiff dauerte es keine 30 Sekunden, bis wir das n\u00e4chste Gegentor hinnehmen mussten. Damit war unser Matchplan f\u00fcr die zweite H\u00e4lfte praktisch schon \u00fcber den Haufen geworfen. Wir versuchten, den Anschluss zu schaffen, doch an diesem Tag lief spielerisch wenig zusammen. In fast allen Belangen waren wir dem Gegner unterlegen.<\/div>\n<div data-ogsc=\"rgb(0, 0, 0)\">&nbsp;<\/div>\n<div class=\"x_elementToProof\" data-ogsc=\"rgb(0, 0, 0)\">Eine unserer wenigen guten M\u00f6glichkeiten ergab sich nach einem Eckball, doch der G\u00e4stetorwart parierte stark und verhinderte so den Anschlusstreffer. In den Schlussminuten erh\u00f6hte Welzbachtal schlie\u00dflich noch auf 0:3, was auch den Endstand bedeutete.<\/div>\n<div data-ogsc=\"rgb(0, 0, 0)\">&nbsp;<\/div>\n<div class=\"x_elementToProof\" data-ogsc=\"rgb(0, 0, 0)\">Nun gilt es, die Niederlage schnell abzuhaken: Am kommenden Sonntag wartet in Distelhausen ein wichtiges Ausw\u00e4rtsspiel, in dem wir unbedingt drei Punkte holen m\u00fcssen.<\/div>\n<div data-ogsc=\"rgb(0, 0, 0)\">&nbsp;<\/div>\n<div data-ogsc=\"rgb(0, 0, 0)\"><strong>Vorschau:<\/strong><br>Sonntag, 28.09.2025 um 15:00 Uhr in Distelhausen<br>SpG Distelhausen\/\u200bLauda 2 &#8211; TSV Assamstadt II<\/div>\n\n\n","protected":false},"excerpt":{"rendered":"<p>TSV Assamstadt II \u2013 SpG Welzbachtal 0:3 &nbsp; Mit R\u00fcckenwind nach dem ersten Saisonsieg in der vergangenen Woche gingen wir optimistisch in das Heimspiel gegen Welzbachtal. Schon aus der Vorsaison &hellip; <a href=\"https:\/\/www.tsv-assamstadt.de\/?p=12938\" class=\"more-link\"><span class=\"screen-reader-text\">In 2 Minuten das Spiel verloren<\/span> weiterlesen <span class=\"meta-nav\">&rarr;<\/span><\/a><\/p>\n","protected":false},"author":41,"featured_media":11846,"comment_status":"closed","ping_status":"closed","sticky":false,"template":"","format":"standard","meta":{"ngg_post_thumbnail":0,"jetpack_post_was_ever_published":false,"_jetpack_newsletter_access":"","_jetpack_dont_email_post_to_subs":false,"_jetpack_newsletter_tier_id":0,"_jetpack_memberships_contains_paywalled_content":false,"_jetpack_memberships_contains_paid_content":false,"footnotes":"","jetpack_publicize_message":"","jetpack_publicize_feature_enabled":true,"jetpack_social_post_already_shared":true,"jetpack_social_options":{"image_generator_settings":{"template":"highway","default_image_id":0,"font":"","enabled":false},"version":2}},"categories":[3,1,69],"tags":[],"class_list":["post-12938","post","type-post","status-publish","format-standard","has-post-thumbnail","hentry","category-2-mannschaft","category-allgemein","category-fusball"],"jetpack_publicize_connections":[],"jetpack_featured_media_url":"https:\/\/www.tsv-assamstadt.de\/wp-content\/uploads\/2024\/03\/DSC_0036-scaled.jpg","jetpack_sharing_enabled":true,"jetpack_shortlink":"https:\/\/wp.me\/pcugUJ-3mG","_links":{"self":[{"href":"https:\/\/www.tsv-assamstadt.de\/index.php?rest_route=\/wp\/v2\/posts\/12938","targetHints":{"allow":["GET"]}}],"collection":[{"href":"https:\/\/www.tsv-assamstadt.de\/index.php?rest_route=\/wp\/v2\/posts"}],"about":[{"href":"https:\/\/www.tsv-assamstadt.de\/index.php?rest_route=\/wp\/v2\/types\/post"}],"author":[{"embeddable":true,"href":"https:\/\/www.tsv-assamstadt.de\/index.php?rest_route=\/wp\/v2\/users\/41"}],"replies":[{"embeddable":true,"href":"https:\/\/www.tsv-assamstadt.de\/index.php?rest_route=%2Fwp%2Fv2%2Fcomments&post=12938"}],"version-history":[{"count":0,"href":"https:\/\/www.tsv-assamstadt.de\/index.php?rest_route=\/wp\/v2\/posts\/12938\/revisions"}],"wp:featuredmedia":[{"embeddable":true,"href":"https:\/\/www.tsv-assamstadt.de\/index.php?rest_route=\/wp\/v2\/media\/11846"}],"wp:attachment":[{"href":"https:\/\/www.tsv-assamstadt.de\/index.php?rest_route=%2Fwp%2Fv2%2Fmedia&parent=12938"}],"wp:term":[{"taxonomy":"category","embeddable":true,"href":"https:\/\/www.tsv-assamstadt.de\/index.php?rest_route=%2Fwp%2Fv2%2Fcategories&post=12938"},{"taxonomy":"post_tag","embeddable":true,"href":"https:\/\/www.tsv-assamstadt.de\/index.php?rest_route=%2Fwp%2Fv2%2Ftags&post=12938"}],"curies":[{"name":"wp","href":"https:\/\/api.w.org\/{rel}","templated":true}]}}