{"id":12900,"date":"2025-08-29T11:34:17","date_gmt":"2025-08-29T09:34:17","guid":{"rendered":"https:\/\/www.tsv-assamstadt.de\/?p=12900"},"modified":"2025-08-29T11:34:20","modified_gmt":"2025-08-29T09:34:20","slug":"umkaempftes-auswaertsspiel-in-wertheim","status":"publish","type":"post","link":"https:\/\/www.tsv-assamstadt.de\/?p=12900","title":{"rendered":"Umk\u00e4mpftes Ausw\u00e4rtsspiel in Wertheim"},"content":{"rendered":"\n<p><strong>SV Viktoria Wertheim &#8211; TSV Assamstadt I 2:2<\/strong><\/p>\n\n\n\n<p>Am Donnerstag traten wir ausw\u00e4rts beim SV Viktoria Wertheim an. Mit viel Optimismus und dem Ziel, unsere Siegesserie in der Kreisliga fortzuf\u00fchren, gingen wir in die Partie.<\/p>\n\n\n\n<p>Das Spiel begann mit Vorteilen auf unserer Seite. Wir waren von Beginn an offensiv aktiv, setzten die Gastgeber fr\u00fch unter Druck und erspielten uns mehrere aussichtsreiche M\u00f6glichkeiten. In der 14. Minute belohnten wir uns schlie\u00dflich. Nach einem langen Ball von David Kohler auf Daniel Stetel behauptete sich dieser stark und legte \u00fcberlegt auf Bastian Quenzer ab, der souver\u00e4n zur verdienten 1:0-F\u00fchrung einschob. Die F\u00fchrung w\u00e4hrte jedoch nicht lange. Bereits in der 16. Minute nutzte Viktoria Wertheim einen ungl\u00fccklichen Kl\u00e4rungsversuch unseres Torh\u00fcters eiskalt zum Ausgleich aus. In der Folge entwickelte sich ein ausgeglichenes Spiel. Die Gastgeber fanden nun besser in die Partie und wirkten ballsicherer, w\u00e4hrend uns der Schock des Ausgleichs sp\u00fcrbar anmerkte und wir nichtmehr in unser gewohnten Spiel fanden. So ging es mit einem Remis in die Halbzeitpause.<\/p>\n\n\n\n<p>Nach der Pause fanden wir besser in die Partie. Wir konnten die langen B\u00e4lle der Gastgeber zunehmend unterbinden und gingen aktiver in die Zweik\u00e4mpfe, wodurch wir mehr Kontrolle \u00fcber das Spiel gewannen. Dennoch gelang es schlie\u00dflich Viktoria Wertheim in der 77. Minute die erneute F\u00fchrung zum 2:1 zu erzielen. Daraufhin warfen wir alles nach vorne, um die drohende Niederlage abzuwenden. In den letzten zehn Minuten schw\u00e4chten sich die Gastgeber zus\u00e4tzlich durch eine verbale Entgleisung, die zu einer roten Karte f\u00fchrte. Dies konnten wir in der 88. Minute nutzen: Nach einer Flanke von Malte Siegismund konnte Maxi Mutsch zum 2:2 Ausgleich einschieben. Mit diesem Aufschwung dr\u00fcckten wir nun in den letzen Minuten noch auf das Siegestor, welches wir jedoch nicht erzielen konnten.<\/p>\n\n\n\n<p>Mit diesem Ergebnis endete die Begegnung. Insgesamt war es eine durchwachsene Leistung unserer Mannschaft, die wir hinterfragen m\u00fcssen. Gleichzeitig nehmen wir die Partie als wichtige Lektion f\u00fcr das kommende Heimspiel am Sonntag gegen Kickers DHK Wertheim mit. Trotz allem konnten wir erstmals die Tabellenf\u00fchrung in der Kreisliga behaupten, auf welchem es sich aber nicht auszuruhen gilt. Ein gro\u00dfer Dank gilt unseren Fans, die den weiten Weg nach Wertheim auf sich genommen und uns lautstark unterst\u00fctzt haben.<\/p>\n\n\n\n<p><strong>Vorschau:<\/strong><br>Sonntag, den 31.08.2025 um 15Uhr Heimspiel<br>TSV Assamstadt I &#8211; Kickers DHK Wertheim<\/p>\n\n\n","protected":false},"excerpt":{"rendered":"<p>SV Viktoria Wertheim &#8211; TSV Assamstadt I 2:2 Am Donnerstag traten wir ausw\u00e4rts beim SV Viktoria Wertheim an. Mit viel Optimismus und dem Ziel, unsere Siegesserie in der Kreisliga fortzuf\u00fchren, &hellip; <a href=\"https:\/\/www.tsv-assamstadt.de\/?p=12900\" class=\"more-link\"><span class=\"screen-reader-text\">Umk\u00e4mpftes Ausw\u00e4rtsspiel in Wertheim<\/span> weiterlesen <span class=\"meta-nav\">&rarr;<\/span><\/a><\/p>\n","protected":false},"author":40,"featured_media":12889,"comment_status":"closed","ping_status":"closed","sticky":false,"template":"","format":"standard","meta":{"ngg_post_thumbnail":0,"jetpack_post_was_ever_published":false,"_jetpack_newsletter_access":"","_jetpack_dont_email_post_to_subs":false,"_jetpack_newsletter_tier_id":0,"_jetpack_memberships_contains_paywalled_content":false,"_jetpack_memberships_contains_paid_content":false,"footnotes":"","jetpack_publicize_message":"","jetpack_publicize_feature_enabled":true,"jetpack_social_post_already_shared":true,"jetpack_social_options":{"image_generator_settings":{"template":"highway","default_image_id":0,"font":"","enabled":false},"version":2}},"categories":[2,1,69],"tags":[66],"class_list":["post-12900","post","type-post","status-publish","format-standard","has-post-thumbnail","hentry","category-1-mannschaft","category-allgemein","category-fusball","tag-highlight"],"jetpack_publicize_connections":[],"jetpack_featured_media_url":"https:\/\/www.tsv-assamstadt.de\/wp-content\/uploads\/2025\/08\/Mannschaftsbild1A_25_26-scaled.jpg","jetpack_sharing_enabled":true,"jetpack_shortlink":"https:\/\/wp.me\/pcugUJ-3m4","_links":{"self":[{"href":"https:\/\/www.tsv-assamstadt.de\/index.php?rest_route=\/wp\/v2\/posts\/12900","targetHints":{"allow":["GET"]}}],"collection":[{"href":"https:\/\/www.tsv-assamstadt.de\/index.php?rest_route=\/wp\/v2\/posts"}],"about":[{"href":"https:\/\/www.tsv-assamstadt.de\/index.php?rest_route=\/wp\/v2\/types\/post"}],"author":[{"embeddable":true,"href":"https:\/\/www.tsv-assamstadt.de\/index.php?rest_route=\/wp\/v2\/users\/40"}],"replies":[{"embeddable":true,"href":"https:\/\/www.tsv-assamstadt.de\/index.php?rest_route=%2Fwp%2Fv2%2Fcomments&post=12900"}],"version-history":[{"count":0,"href":"https:\/\/www.tsv-assamstadt.de\/index.php?rest_route=\/wp\/v2\/posts\/12900\/revisions"}],"wp:featuredmedia":[{"embeddable":true,"href":"https:\/\/www.tsv-assamstadt.de\/index.php?rest_route=\/wp\/v2\/media\/12889"}],"wp:attachment":[{"href":"https:\/\/www.tsv-assamstadt.de\/index.php?rest_route=%2Fwp%2Fv2%2Fmedia&parent=12900"}],"wp:term":[{"taxonomy":"category","embeddable":true,"href":"https:\/\/www.tsv-assamstadt.de\/index.php?rest_route=%2Fwp%2Fv2%2Fcategories&post=12900"},{"taxonomy":"post_tag","embeddable":true,"href":"https:\/\/www.tsv-assamstadt.de\/index.php?rest_route=%2Fwp%2Fv2%2Ftags&post=12900"}],"curies":[{"name":"wp","href":"https:\/\/api.w.org\/{rel}","templated":true}]}}