{"id":12885,"date":"2025-08-25T06:31:43","date_gmt":"2025-08-25T04:31:43","guid":{"rendered":"https:\/\/www.tsv-assamstadt.de\/?p=12885"},"modified":"2025-08-25T06:37:58","modified_gmt":"2025-08-25T04:37:58","slug":"verdienter-heimsiegauftakt","status":"publish","type":"post","link":"https:\/\/www.tsv-assamstadt.de\/?p=12885","title":{"rendered":"Verdienter Heimsiegauftakt"},"content":{"rendered":"\n<p><strong>Assamstadt I &#8211; T\u00fcrkg\u00fcc\u00fc Wertheim 3:1<\/strong><\/p>\n\n\n\n<p>Am vergangenen Sonntag bestritten wir unser erstes Heimspiel der Saison gegen T\u00fcrkg\u00fcc\u00fc Wertheim. Trotz eines stark dezimierten Kaders, aufgrund vieler Urlauber, gingen wir mit voller Ernsthaftigkeit und Motivation in die Partie.<\/p>\n\n\n\n<p>Von Beginn an \u00fcbernahmen wir die Kontrolle und hatten viel Ballbesitz. Zwar konnten wir uns fr\u00fch gute Chancen herausspielen, doch zun\u00e4chst fehlte die letzte Konsequenz den Abschluss zu finden, geschweige denn diesen zu verwerten . In der 14. Minute war es schlie\u00dflich ein Standard, der die F\u00fchrung brachte. Nach einer pr\u00e4zisen Flanke von Jannis Gei\u00dfler k\u00f6pfte Lasse Siegismund am langen Pfosten zum 1:0 ein. Das Spiel entwickelte sich weiter f\u00fcr uns, mit viel Raum f\u00fcr Offensivaktionen. Kurz vor der Halbzeit schlugen wir erneut nach einem Standard zu: Wieder war es Gei\u00dfler, der per Ecke den Ball ins Zentrum brachte, wo Fabian H\u00fcgel in der Nachspielzeit (45.+1) zum wichtigen 2:0 traf. Mit dieser soliden F\u00fchrung ging es in die Pause.<\/p>\n\n\n\n<p>Auch in der zweiten H\u00e4lfte dominierten wir die G\u00e4ste. In der 58. Minute belohnte sich Jannis Gei\u00dfler, als er nach einem langen Ball von Siegismund die gegnerische Abwehr \u00fcberlief und sicher zum 3:0 traf. Doch nur zwei Minuten sp\u00e4ter folgte ein kleiner D\u00e4mpfer. Nach einem unsauberem Spielaufbau kassierten wir den Anschlusstreffer zum 3:1. Wir machten den Gegner erneut stark durch unsere Fehler und verloren durch unsaubere und einer unn\u00f6tig hektischen Spielweise zu schnell den Ball. T\u00fcrkg\u00fcc\u00fc sch\u00f6pfte neue Hoffnung und erh\u00f6hte den Druck, kam jedoch trotz einiger Vorst\u00f6\u00dfe nicht entscheidend durch. Wir lie\u00dfen uns nicht lange aus der Ruhe bringen und hielten unser Spiel wieder stabil. In den Schlussminuten h\u00e4tten wir das Ergebnis noch h\u00f6her gestalten k\u00f6nnen. Ein Elfmeter und eine Gro\u00dfchance blieben jedoch ungenutzt. So blieb es beim verdienten 3:1-Endstand, mit dem wir unsere ersten drei Punkte daheim sichern konnten.<\/p>\n\n\n\n<p>Obwohl es zwar noch einzelne Baustellen gibt, l\u00e4sst sich auf dieser Leistung f\u00fcr die kommenden Partien definitiv aufbauen. Das n\u00e4chstes Spiel findet bereits am Donnerstag statt, an welchem wir ausw\u00e4rts auf den SV Viktoria Wertheim treffen. Ein herzliches Dankesch\u00f6n gilt unseren Fans f\u00fcr die tatkr\u00e4ftige Unterst\u00fctzung!<\/p>\n\n\n\n<p><strong>Vorschau:<\/strong><br>Donnerstag, 28.08.25 um 19 Uhr Ausw\u00e4rtsspiel<br>SV Viktoria Wertheim &#8211; Assamstadt I<br>Sonntag, 31.08.25 um 15 Uhr Heimspiel<br>Assamstadt I &#8211; Kickers DHK Wertheim<br><br><\/p>\n<p>&nbsp;<\/p>\n","protected":false},"excerpt":{"rendered":"<p>Assamstadt I &#8211; T\u00fcrkg\u00fcc\u00fc Wertheim 3:1 Am vergangenen Sonntag bestritten wir unser erstes Heimspiel der Saison gegen T\u00fcrkg\u00fcc\u00fc Wertheim. Trotz eines stark dezimierten Kaders, aufgrund vieler Urlauber, gingen wir mit &hellip; <a href=\"https:\/\/www.tsv-assamstadt.de\/?p=12885\" class=\"more-link\"><span class=\"screen-reader-text\">Verdienter Heimsiegauftakt<\/span> weiterlesen <span class=\"meta-nav\">&rarr;<\/span><\/a><\/p>\n","protected":false},"author":40,"featured_media":12186,"comment_status":"closed","ping_status":"closed","sticky":false,"template":"","format":"standard","meta":{"ngg_post_thumbnail":0,"jetpack_post_was_ever_published":false,"_jetpack_newsletter_access":"","_jetpack_dont_email_post_to_subs":false,"_jetpack_newsletter_tier_id":0,"_jetpack_memberships_contains_paywalled_content":false,"_jetpack_memberships_contains_paid_content":false,"footnotes":"","jetpack_publicize_message":"","jetpack_publicize_feature_enabled":true,"jetpack_social_post_already_shared":true,"jetpack_social_options":{"image_generator_settings":{"template":"highway","default_image_id":0,"font":"","enabled":false},"version":2}},"categories":[2,1,69],"tags":[66],"class_list":["post-12885","post","type-post","status-publish","format-standard","has-post-thumbnail","hentry","category-1-mannschaft","category-allgemein","category-fusball","tag-highlight"],"jetpack_publicize_connections":[],"jetpack_featured_media_url":"https:\/\/www.tsv-assamstadt.de\/wp-content\/uploads\/2024\/08\/d65f2527-1593-4ba3-b9a9-5b01ea7eceee-scaled-e1725177468325.jpg","jetpack_sharing_enabled":true,"jetpack_shortlink":"https:\/\/wp.me\/pcugUJ-3lP","_links":{"self":[{"href":"https:\/\/www.tsv-assamstadt.de\/index.php?rest_route=\/wp\/v2\/posts\/12885","targetHints":{"allow":["GET"]}}],"collection":[{"href":"https:\/\/www.tsv-assamstadt.de\/index.php?rest_route=\/wp\/v2\/posts"}],"about":[{"href":"https:\/\/www.tsv-assamstadt.de\/index.php?rest_route=\/wp\/v2\/types\/post"}],"author":[{"embeddable":true,"href":"https:\/\/www.tsv-assamstadt.de\/index.php?rest_route=\/wp\/v2\/users\/40"}],"replies":[{"embeddable":true,"href":"https:\/\/www.tsv-assamstadt.de\/index.php?rest_route=%2Fwp%2Fv2%2Fcomments&post=12885"}],"version-history":[{"count":0,"href":"https:\/\/www.tsv-assamstadt.de\/index.php?rest_route=\/wp\/v2\/posts\/12885\/revisions"}],"wp:featuredmedia":[{"embeddable":true,"href":"https:\/\/www.tsv-assamstadt.de\/index.php?rest_route=\/wp\/v2\/media\/12186"}],"wp:attachment":[{"href":"https:\/\/www.tsv-assamstadt.de\/index.php?rest_route=%2Fwp%2Fv2%2Fmedia&parent=12885"}],"wp:term":[{"taxonomy":"category","embeddable":true,"href":"https:\/\/www.tsv-assamstadt.de\/index.php?rest_route=%2Fwp%2Fv2%2Fcategories&post=12885"},{"taxonomy":"post_tag","embeddable":true,"href":"https:\/\/www.tsv-assamstadt.de\/index.php?rest_route=%2Fwp%2Fv2%2Ftags&post=12885"}],"curies":[{"name":"wp","href":"https:\/\/api.w.org\/{rel}","templated":true}]}}