{"id":12848,"date":"2025-08-06T16:23:00","date_gmt":"2025-08-06T14:23:00","guid":{"rendered":"https:\/\/www.tsv-assamstadt.de\/?p=12848"},"modified":"2025-08-06T14:25:24","modified_gmt":"2025-08-06T12:25:24","slug":"tsv-assamstadt-sagt-danke-fuer-die-unterstuetzung-bei-scheine-fuer-vereine","status":"publish","type":"post","link":"https:\/\/www.tsv-assamstadt.de\/?p=12848","title":{"rendered":"TSV Assamstadt sagt DANKE f\u00fcr die Unterst\u00fctzung bei \u201eScheine f\u00fcr Vereine\u201c!"},"content":{"rendered":"\n<p>Der TSV Assamstadt freut sich sehr \u00fcber die gro\u00dfartige Beteiligung an der diesj\u00e4hrigen REWE-Aktion \u201eScheine f\u00fcr Vereine\u201c. Zahlreiche Kundinnen und Kunden unseres Nahkauf-Markts in Assamstadt haben flei\u00dfig Vereinsscheine gesammelt.<\/p>\n\n\n\n<p>Mit den Scheinen konnten wir mehrere hochwertige Sportger\u00e4te f\u00fcr unsere Abteilungen Turnen, Leichtathletik und Volleyball anschaffen. Diese neuen Materialien bereichern unser Training und st\u00e4rken den Zusammenhalt in unseren Teams.<\/p>\n\n\n\n<p><img loading=\"lazy\" decoding=\"async\" class=\"aligncenter size-large wp-image-12852\" src=\"https:\/\/www.tsv-assamstadt.de\/wp-content\/uploads\/2025\/08\/WhatsApp-Image-2025-08-04-at-16.59.44-3-1024x768.jpeg\" alt=\"\" width=\"474\" height=\"356\">Bei der offiziellen \u00dcbergabe bedankten sich Christoph Weiland und Manuela Schubert herzlich bei Marktleiter Herrn Onislav Ilici sowie bei allen Unterst\u00fctzerinnen und Unterst\u00fctzern aus Assamstadt und Umgebung.<\/p>\n\n\n\n<p>Euer Einsatz zeigt einmal mehr, wie stark unsere Gemeinschaft ist \u2013 wir sagen Danke f\u00fcr eure Treue und euer Engagement!<\/p>\n","protected":false},"excerpt":{"rendered":"<p>Der TSV Assamstadt freut sich sehr \u00fcber die gro\u00dfartige Beteiligung an der diesj\u00e4hrigen REWE-Aktion \u201eScheine f\u00fcr Vereine\u201c. Zahlreiche Kundinnen und Kunden unseres Nahkauf-Markts in Assamstadt haben flei\u00dfig Vereinsscheine gesammelt. Mit &hellip; <a href=\"https:\/\/www.tsv-assamstadt.de\/?p=12848\" class=\"more-link\"><span class=\"screen-reader-text\">TSV Assamstadt sagt DANKE f\u00fcr die Unterst\u00fctzung bei \u201eScheine f\u00fcr Vereine\u201c!<\/span> weiterlesen <span class=\"meta-nav\">&rarr;<\/span><\/a><\/p>\n","protected":false},"author":41,"featured_media":12850,"comment_status":"closed","ping_status":"closed","sticky":false,"template":"","format":"standard","meta":{"ngg_post_thumbnail":0,"jetpack_post_was_ever_published":false,"_jetpack_newsletter_access":"","_jetpack_dont_email_post_to_subs":false,"_jetpack_newsletter_tier_id":0,"_jetpack_memberships_contains_paywalled_content":false,"_jetpack_memberships_contains_paid_content":false,"footnotes":"","jetpack_publicize_message":"","jetpack_publicize_feature_enabled":true,"jetpack_social_post_already_shared":true,"jetpack_social_options":{"image_generator_settings":{"template":"highway","default_image_id":0,"font":"","enabled":false},"version":2}},"categories":[1,70,83,82],"tags":[],"class_list":["post-12848","post","type-post","status-publish","format-standard","has-post-thumbnail","hentry","category-allgemein","category-leichtathletik","category-turnen","category-volleyball"],"jetpack_publicize_connections":[],"jetpack_featured_media_url":"https:\/\/www.tsv-assamstadt.de\/wp-content\/uploads\/2025\/08\/WhatsApp-Image-2025-08-04-at-16.59.44-1.jpeg","jetpack_sharing_enabled":true,"jetpack_shortlink":"https:\/\/wp.me\/pcugUJ-3le","_links":{"self":[{"href":"https:\/\/www.tsv-assamstadt.de\/index.php?rest_route=\/wp\/v2\/posts\/12848","targetHints":{"allow":["GET"]}}],"collection":[{"href":"https:\/\/www.tsv-assamstadt.de\/index.php?rest_route=\/wp\/v2\/posts"}],"about":[{"href":"https:\/\/www.tsv-assamstadt.de\/index.php?rest_route=\/wp\/v2\/types\/post"}],"author":[{"embeddable":true,"href":"https:\/\/www.tsv-assamstadt.de\/index.php?rest_route=\/wp\/v2\/users\/41"}],"replies":[{"embeddable":true,"href":"https:\/\/www.tsv-assamstadt.de\/index.php?rest_route=%2Fwp%2Fv2%2Fcomments&post=12848"}],"version-history":[{"count":0,"href":"https:\/\/www.tsv-assamstadt.de\/index.php?rest_route=\/wp\/v2\/posts\/12848\/revisions"}],"wp:featuredmedia":[{"embeddable":true,"href":"https:\/\/www.tsv-assamstadt.de\/index.php?rest_route=\/wp\/v2\/media\/12850"}],"wp:attachment":[{"href":"https:\/\/www.tsv-assamstadt.de\/index.php?rest_route=%2Fwp%2Fv2%2Fmedia&parent=12848"}],"wp:term":[{"taxonomy":"category","embeddable":true,"href":"https:\/\/www.tsv-assamstadt.de\/index.php?rest_route=%2Fwp%2Fv2%2Fcategories&post=12848"},{"taxonomy":"post_tag","embeddable":true,"href":"https:\/\/www.tsv-assamstadt.de\/index.php?rest_route=%2Fwp%2Fv2%2Ftags&post=12848"}],"curies":[{"name":"wp","href":"https:\/\/api.w.org\/{rel}","templated":true}]}}