{"id":12535,"date":"2025-03-10T14:18:17","date_gmt":"2025-03-10T13:18:17","guid":{"rendered":"https:\/\/www.tsv-assamstadt.de\/?p=12535"},"modified":"2025-03-10T14:18:19","modified_gmt":"2025-03-10T13:18:19","slug":"klatsche-im-ersten-pflichtspiel-2025","status":"publish","type":"post","link":"https:\/\/www.tsv-assamstadt.de\/?p=12535","title":{"rendered":"Klatsche im ersten Pflichtspiel 2025"},"content":{"rendered":"\n<p>\u00a0<\/p>\n<p>Das erste Spiel nach der Winterpause bestritten wir beim FC Gr\u00fcnsfeld, welcher vor dem Spiel auf Platz 3 in der Landesligatabelle wiederzufinden war. Nach dem Hinrundensieg zuhause gegen die Gr\u00fcnsfelder war unser Plan, es erneut dem Favoriten schwer zu machen und wichtige Punkte im Abstiegskampf mitzunehmen.\u00a0<\/p>\n<p>Der Start in das Spiel war wie zu erwarten schwer, auch wenn wir gut mithalten konnten. Gr\u00fcnsfeld schaffte dann nach einer Ecke per Kopfball am 2. Pfosten den F\u00fchrungstreffer (12. Minute). Auch danach konnten wir weiter gut mithalten und machten es den Gr\u00fcnsfeldern aus dem Spiel heraus schwer, zu Chancen zu kommen. Es war erneut ein Standard in der 20. Spielminute, der den Hausherren zur 2:0-F\u00fchrung verhalf. Ein Freisto\u00df aus rund 25 Metern fand den Weg direkt \u00fcber unsere Mauer ins kurze Eck. Wieder war unsere Antwort gut und wir konnten erste Kombinationen bis in den Gr\u00fcnsfelder Strafraum ausspielen. Hier fehlte es oft am letzten Pass in die tiefe bzw an der Genauigkeit. Vor der Halbzeit gab es den gr\u00f6\u00dften Aufreger dann noch au\u00dferhalb des Spielgeschehens, welcher vom Schiedsrichter jedoch nur als gelbe Karte f\u00fcr den FC-St\u00fcrmer wertete. Dadurch wurde das Spiel hitzig und wir waren keineswegs die schlechtere Mannschaft. Nach der Halbzeit warfen wir das Spiel allerdings dann weg. In der 48. und 50. Minute erzielte Gr\u00fcnsfeld das 3. und 4. Tor und entschied so das Spiel. In der Folge kassierten wir nach 70 Minuten noch den 5:0-Endstand. Wir m\u00fcssen uns hier das Verhalten in der Defensive ankreiden lassen. So kann man in der Landesliga, und vor allem gegen ein Topteam, nicht gewinnen.<\/p>\n<p>\u00a0Wir m\u00fcssen unter der Woche jetzt weiter an uns arbeiten, um n\u00e4chste Woche im Derby gegen den 1.FC Umpfertal auf dem Hohen Stutz zu bestehen. Die Umpfert\u00e4ler stehen aktuell 3 Punkte hinter uns auf dem 17. Tabellenplatz. Ein gro\u00dfes Danke an alle Fans, die bei dem tollen Wetter am Sonntag nach Gr\u00fcnsfeld gefahren sind, um uns zu unterst\u00fctzen. Wir hoffen nat\u00fcrlich auch am n\u00e4chsten Sonntag zum Derby auf einige Zuschauer, um dann mit euch im R\u00fccken die 3 Punkte auf dem hohen Stutz behalten zu k\u00f6nnen!<\/p>\n<p><strong>Vorschau:<\/strong><\/p>\n<p>Sonntag, 16. M\u00e4rz 2025 um 15:00 auf dem Hohen Stutz<\/p>\n<p>TSV Assamstadt &#8211; FC Umpfertal<\/p>\n","protected":false},"excerpt":{"rendered":"<p>\u00a0 Das erste Spiel nach der Winterpause bestritten wir beim FC Gr\u00fcnsfeld, welcher vor dem Spiel auf Platz 3 in der Landesligatabelle wiederzufinden war. Nach dem Hinrundensieg zuhause gegen die &hellip; <a href=\"https:\/\/www.tsv-assamstadt.de\/?p=12535\" class=\"more-link\"><span class=\"screen-reader-text\">Klatsche im ersten Pflichtspiel 2025<\/span> weiterlesen <span class=\"meta-nav\">&rarr;<\/span><\/a><\/p>\n","protected":false},"author":28,"featured_media":12186,"comment_status":"closed","ping_status":"closed","sticky":false,"template":"","format":"standard","meta":{"ngg_post_thumbnail":0,"jetpack_post_was_ever_published":false,"_jetpack_newsletter_access":"","_jetpack_dont_email_post_to_subs":false,"_jetpack_newsletter_tier_id":0,"_jetpack_memberships_contains_paywalled_content":false,"_jetpack_memberships_contains_paid_content":false,"footnotes":"","jetpack_publicize_message":"","jetpack_publicize_feature_enabled":true,"jetpack_social_post_already_shared":true,"jetpack_social_options":{"image_generator_settings":{"template":"highway","default_image_id":0,"font":"","enabled":false},"version":2}},"categories":[2,1,69],"tags":[66],"class_list":["post-12535","post","type-post","status-publish","format-standard","has-post-thumbnail","hentry","category-1-mannschaft","category-allgemein","category-fusball","tag-highlight"],"jetpack_publicize_connections":[],"jetpack_featured_media_url":"https:\/\/www.tsv-assamstadt.de\/wp-content\/uploads\/2024\/08\/d65f2527-1593-4ba3-b9a9-5b01ea7eceee-scaled-e1725177468325.jpg","jetpack_sharing_enabled":true,"jetpack_shortlink":"https:\/\/wp.me\/pcugUJ-3gb","_links":{"self":[{"href":"https:\/\/www.tsv-assamstadt.de\/index.php?rest_route=\/wp\/v2\/posts\/12535","targetHints":{"allow":["GET"]}}],"collection":[{"href":"https:\/\/www.tsv-assamstadt.de\/index.php?rest_route=\/wp\/v2\/posts"}],"about":[{"href":"https:\/\/www.tsv-assamstadt.de\/index.php?rest_route=\/wp\/v2\/types\/post"}],"author":[{"embeddable":true,"href":"https:\/\/www.tsv-assamstadt.de\/index.php?rest_route=\/wp\/v2\/users\/28"}],"replies":[{"embeddable":true,"href":"https:\/\/www.tsv-assamstadt.de\/index.php?rest_route=%2Fwp%2Fv2%2Fcomments&post=12535"}],"version-history":[{"count":0,"href":"https:\/\/www.tsv-assamstadt.de\/index.php?rest_route=\/wp\/v2\/posts\/12535\/revisions"}],"wp:featuredmedia":[{"embeddable":true,"href":"https:\/\/www.tsv-assamstadt.de\/index.php?rest_route=\/wp\/v2\/media\/12186"}],"wp:attachment":[{"href":"https:\/\/www.tsv-assamstadt.de\/index.php?rest_route=%2Fwp%2Fv2%2Fmedia&parent=12535"}],"wp:term":[{"taxonomy":"category","embeddable":true,"href":"https:\/\/www.tsv-assamstadt.de\/index.php?rest_route=%2Fwp%2Fv2%2Fcategories&post=12535"},{"taxonomy":"post_tag","embeddable":true,"href":"https:\/\/www.tsv-assamstadt.de\/index.php?rest_route=%2Fwp%2Fv2%2Ftags&post=12535"}],"curies":[{"name":"wp","href":"https:\/\/api.w.org\/{rel}","templated":true}]}}