{"id":12446,"date":"2024-11-11T10:31:06","date_gmt":"2024-11-11T09:31:06","guid":{"rendered":"https:\/\/www.tsv-assamstadt.de\/?p=12446"},"modified":"2024-11-11T10:31:07","modified_gmt":"2024-11-11T09:31:07","slug":"niederlage-gegen-tabellenfuehrer","status":"publish","type":"post","link":"https:\/\/www.tsv-assamstadt.de\/?p=12446","title":{"rendered":"Niederlage gegen Tabellenf\u00fchrer"},"content":{"rendered":"\n<p><strong>TSV Assamstadt II : FC Wertheim-Eichel 1:3<\/strong><\/p>\n<p>Zum Abschluss der Hinrunde mussten wir uns mit dem Tabellenf\u00fchrer aus Wertheim-Eichel messen. Im erwartet schweren Spiel waren die G\u00e4ste sofort spielbestimmend und machten ordentlich Dampf nach vorne. So f\u00fchrte ein Zusammenspiel aus spielerischer Klasse Eichels und kleineren Unachtsamkeiten in unserem Defensivverhalten zu einem fr\u00fchen R\u00fcckstand. In Minute neun und zehn war der Angreifer der G\u00e4ste zweimal zur Stelle und sorgte fr\u00fch f\u00fcr eine zwei Tore F\u00fchrung.<br \/>Im Nachgang kamen wir dann besser in die Zweik\u00e4mpfe und konnten gr\u00f6\u00dfere Chancen des Gegners weitestgehend vermeiden, nach vorne blieben wir selbst allerdings auch ziemlich ungef\u00e4hrlich.<br \/>Nach dem Seitenwechsel bekamen wir dann mit zunehmender Spielzeit mehr Spielanteile und erspielten uns auch die ein oder andere Abschlusschance. In der 80. Spielminute gelang es uns dann nach einem Eckball eine unzureichende Abwehr des gegnerischen Torwarts zu nutzten, Marian Scherer traf aus wenigen Metern zum 1:2. Die Spielkontrolle Eichels war nun weitestgehend dahin und wir warfen nochmal alles nach vorne. In der turbulenten Schlussphase, in der die G\u00e4ste noch zwei Gelb-Rote Karten sahen, gelang es uns letztlich leider nicht den Ausgleichstreffer zu erzielen.<br \/>Ein Foulelfmeter f\u00fcr die G\u00e4ste sorgte zeitgleich mit dem Schlusspfiff f\u00fcr den 1:3 Endstand.<\/p>\n<p>Damit beenden wir die Hinrunde auf dem 11. Tabellenplatz, mit zwei Punkten Vorsprung auf die Abstiegszone. Nach dem extrem schwachen Saisonstart haben wir uns inzwischen stabilisiert und eine passable Ausgangslage f\u00fcr die R\u00fcckrunde erk\u00e4mpft. <br \/>Wir m\u00f6chten uns bei allen Fans f\u00fcr die Unterst\u00fctzung \u00fcber die komplette Hinrunde bedanken und verabschieden uns jetzt bis zum R\u00fcckrundenauftakt Anfang M\u00e4rz in die Winterpause.<\/p>\n","protected":false},"excerpt":{"rendered":"<p>TSV Assamstadt II : FC Wertheim-Eichel 1:3 Zum Abschluss der Hinrunde mussten wir uns mit dem Tabellenf\u00fchrer aus Wertheim-Eichel messen. Im erwartet schweren Spiel waren die G\u00e4ste sofort spielbestimmend und &hellip; <a href=\"https:\/\/www.tsv-assamstadt.de\/?p=12446\" class=\"more-link\"><span class=\"screen-reader-text\">Niederlage gegen Tabellenf\u00fchrer<\/span> weiterlesen <span class=\"meta-nav\">&rarr;<\/span><\/a><\/p>\n","protected":false},"author":43,"featured_media":11846,"comment_status":"closed","ping_status":"closed","sticky":false,"template":"","format":"standard","meta":{"ngg_post_thumbnail":0,"jetpack_post_was_ever_published":false,"_jetpack_newsletter_access":"","_jetpack_dont_email_post_to_subs":false,"_jetpack_newsletter_tier_id":0,"_jetpack_memberships_contains_paywalled_content":false,"_jetpack_memberships_contains_paid_content":false,"footnotes":"","jetpack_publicize_message":"","jetpack_publicize_feature_enabled":true,"jetpack_social_post_already_shared":true,"jetpack_social_options":{"image_generator_settings":{"template":"highway","default_image_id":0,"font":"","enabled":false},"version":2}},"categories":[3,1,69],"tags":[],"class_list":["post-12446","post","type-post","status-publish","format-standard","has-post-thumbnail","hentry","category-2-mannschaft","category-allgemein","category-fusball"],"jetpack_publicize_connections":[],"jetpack_featured_media_url":"https:\/\/www.tsv-assamstadt.de\/wp-content\/uploads\/2024\/03\/DSC_0036-scaled.jpg","jetpack_sharing_enabled":true,"jetpack_shortlink":"https:\/\/wp.me\/pcugUJ-3eK","_links":{"self":[{"href":"https:\/\/www.tsv-assamstadt.de\/index.php?rest_route=\/wp\/v2\/posts\/12446","targetHints":{"allow":["GET"]}}],"collection":[{"href":"https:\/\/www.tsv-assamstadt.de\/index.php?rest_route=\/wp\/v2\/posts"}],"about":[{"href":"https:\/\/www.tsv-assamstadt.de\/index.php?rest_route=\/wp\/v2\/types\/post"}],"author":[{"embeddable":true,"href":"https:\/\/www.tsv-assamstadt.de\/index.php?rest_route=\/wp\/v2\/users\/43"}],"replies":[{"embeddable":true,"href":"https:\/\/www.tsv-assamstadt.de\/index.php?rest_route=%2Fwp%2Fv2%2Fcomments&post=12446"}],"version-history":[{"count":0,"href":"https:\/\/www.tsv-assamstadt.de\/index.php?rest_route=\/wp\/v2\/posts\/12446\/revisions"}],"wp:featuredmedia":[{"embeddable":true,"href":"https:\/\/www.tsv-assamstadt.de\/index.php?rest_route=\/wp\/v2\/media\/11846"}],"wp:attachment":[{"href":"https:\/\/www.tsv-assamstadt.de\/index.php?rest_route=%2Fwp%2Fv2%2Fmedia&parent=12446"}],"wp:term":[{"taxonomy":"category","embeddable":true,"href":"https:\/\/www.tsv-assamstadt.de\/index.php?rest_route=%2Fwp%2Fv2%2Fcategories&post=12446"},{"taxonomy":"post_tag","embeddable":true,"href":"https:\/\/www.tsv-assamstadt.de\/index.php?rest_route=%2Fwp%2Fv2%2Ftags&post=12446"}],"curies":[{"name":"wp","href":"https:\/\/api.w.org\/{rel}","templated":true}]}}