{"id":12237,"date":"2024-09-03T09:43:07","date_gmt":"2024-09-03T07:43:07","guid":{"rendered":"https:\/\/www.tsv-assamstadt.de\/?p=12237"},"modified":"2024-09-03T09:43:09","modified_gmt":"2024-09-03T07:43:09","slug":"derbysieg-3","status":"publish","type":"post","link":"https:\/\/www.tsv-assamstadt.de\/?p=12237","title":{"rendered":"Derbysieg!"},"content":{"rendered":"\n<ol>\n<li><strong>FC Umpfertal &#8211; TSV Assamstadt \u00a0 1:4<\/strong><\/li>\n<\/ol>\n<p>Am vergangenen Wochenende trafen wir am 5. Spieltag der Saison auf den 1. FC Umpfertal in Schweigern. Der FC stand bis dahin mit 4 Punkten auf dem 12. Tabellenplatz. F\u00fcr uns galt es hier im Derby 3 Punkte einzufahren, um unseren guten Saisonstart auszubauen.<\/p>\n<p>Umpfertal hatte zu Beginn den besseren Start ins Spiel. Mit langen B\u00e4llen auf Au\u00dfen konnten sie mehrere Angriffe starten und belohnten sich hierbei mit vielen Standards. Der FC war griffiger, aber abgesehen von ihren Halbchancen konnten sie nichts Z\u00e4hlbares verbuchen. Wir wurden im folgenden Spielverlauf st\u00e4rker und hatten hin und wieder ein paar Gro\u00dfchancen. Nachdem der Keeper der Hausherren einen Weitschuss von Malte Siegismund gerade noch so an die Latte lenken konnte verpasste Andreas Rupp die F\u00fchrung im Nachschuss unter Bedr\u00e4ngnis knapp. Kurz darauf scheiterte er an der Latte , nachdem er eine Flanke von Chris Schaller \u00fcber den Torwart lupfte. In der Schlussphase der ersten Halbzeit konnten wir uns dann doch belohnen. Einen kurz ausgef\u00fchrten Einwurf, den Jannis Gei\u00dfler wieder auf Malte Siegismund prallen lie\u00df f\u00fchrte zu einer Flanke, die einen Abnehmer namens Bastian Quenzer zum 0:1 fand. Kurz darauf setzte sich Jannis Gei\u00dfler sch\u00f6n auf der rechten Seite durch und servierte Andreas Rupp zum Ausbau der F\u00fchrung. Zum Anpfiff der zweiten Halbzeit passierte nicht viel. Meist wurden lange B\u00e4lle auf beiden Seiten nach vorne geschlagen, um einen versuchten Angriff zu starten. Umso l\u00e4nger das Spiel sich fortgestaltete, desto luftiger war die Restverteidigung von Umpfertal. So auch in der 80. Spielminute, die per Konter durch Bastian Quenzer und Chris Schaller (Torsch\u00fctze) \u00fcber die rechte Seite mit einem sch\u00f6nen pr\u00e4zisen Schuss ins linke lange Eck vollendet wurde (0:3). Kaum einen Augenblick sp\u00e4ter ging es wieder schnell auf der rechten Seite durch einen Steckpass von Chris Schaller auf Martin Engert in den gegnerischen Strafraum. Hier schloss Martin Engert mit einem satten Schuss hoch ins kurze Eck zur 0:4 F\u00fchrung ab. Den Schlusspunkt der Partie konnte aber der FC setzen. Nach einem Ballverlust im Mittelfeld und schnell gespielten Steckpass\u00a0 konnte dessen St\u00fcrmer sich durchsetzen und ins kurze Eck zum 1:4 Endstand einschieben.<\/p>\n<p>Die spielerische Leistung von uns war nicht das Wahre, aber das\u00a0 konnten wir aufgrund unserer Effizienz vor dem Tor ausgleichen. Wir stehen nun nach 5 Spielen mit 10 Punkten, 3 Siege, 1 Remis und einer Niederlage auf dem 7. Tabellenplatz. Wir k\u00f6nnen von einem mehr als gelungenen Saisonstart reden, nachdem wir neben \u201ePflichtsiegen\u201c auch \u00fcberraschende Punkte mitnehmen konnten. Am kommenden Wochenende gilt es sich wieder zu steigern und die Leistung der letzten Wochen abzurufen. Hier geht es auf dem hohen Stutz gegen den momentan punktgleichen TSV Mudau. Wir hoffen auch hier wieder auf zahlreiche Unterst\u00fctzung durch unsere Fans!<\/p>\n<p><strong>Vorschau:<\/strong><\/p>\n<p>Sonntag, 08. September 2024 um 15:00 auf dem Hohen Stutz<\/p>\n<p>TSV Assamstadt &#8211; TSV Mudau<\/p>\n<p>\u00a0<\/p>\n","protected":false},"excerpt":{"rendered":"<p>FC Umpfertal &#8211; TSV Assamstadt \u00a0 1:4 Am vergangenen Wochenende trafen wir am 5. Spieltag der Saison auf den 1. FC Umpfertal in Schweigern. Der FC stand bis dahin mit &hellip; <a href=\"https:\/\/www.tsv-assamstadt.de\/?p=12237\" class=\"more-link\"><span class=\"screen-reader-text\">Derbysieg!<\/span> weiterlesen <span class=\"meta-nav\">&rarr;<\/span><\/a><\/p>\n","protected":false},"author":28,"featured_media":12186,"comment_status":"closed","ping_status":"closed","sticky":false,"template":"","format":"standard","meta":{"ngg_post_thumbnail":0,"jetpack_post_was_ever_published":false,"_jetpack_newsletter_access":"","_jetpack_dont_email_post_to_subs":false,"_jetpack_newsletter_tier_id":0,"_jetpack_memberships_contains_paywalled_content":false,"_jetpack_memberships_contains_paid_content":false,"footnotes":"","jetpack_publicize_message":"Derbysieg!","jetpack_publicize_feature_enabled":true,"jetpack_social_post_already_shared":false,"jetpack_social_options":{"image_generator_settings":{"template":"highway","enabled":false},"version":2}},"categories":[2,1,69],"tags":[66],"class_list":["post-12237","post","type-post","status-publish","format-standard","has-post-thumbnail","hentry","category-1-mannschaft","category-allgemein","category-fusball","tag-highlight"],"jetpack_publicize_connections":[],"jetpack_featured_media_url":"https:\/\/www.tsv-assamstadt.de\/wp-content\/uploads\/2024\/08\/d65f2527-1593-4ba3-b9a9-5b01ea7eceee-scaled-e1725177468325.jpg","jetpack_sharing_enabled":true,"jetpack_shortlink":"https:\/\/wp.me\/pcugUJ-3bn","_links":{"self":[{"href":"https:\/\/www.tsv-assamstadt.de\/index.php?rest_route=\/wp\/v2\/posts\/12237","targetHints":{"allow":["GET"]}}],"collection":[{"href":"https:\/\/www.tsv-assamstadt.de\/index.php?rest_route=\/wp\/v2\/posts"}],"about":[{"href":"https:\/\/www.tsv-assamstadt.de\/index.php?rest_route=\/wp\/v2\/types\/post"}],"author":[{"embeddable":true,"href":"https:\/\/www.tsv-assamstadt.de\/index.php?rest_route=\/wp\/v2\/users\/28"}],"replies":[{"embeddable":true,"href":"https:\/\/www.tsv-assamstadt.de\/index.php?rest_route=%2Fwp%2Fv2%2Fcomments&post=12237"}],"version-history":[{"count":0,"href":"https:\/\/www.tsv-assamstadt.de\/index.php?rest_route=\/wp\/v2\/posts\/12237\/revisions"}],"wp:featuredmedia":[{"embeddable":true,"href":"https:\/\/www.tsv-assamstadt.de\/index.php?rest_route=\/wp\/v2\/media\/12186"}],"wp:attachment":[{"href":"https:\/\/www.tsv-assamstadt.de\/index.php?rest_route=%2Fwp%2Fv2%2Fmedia&parent=12237"}],"wp:term":[{"taxonomy":"category","embeddable":true,"href":"https:\/\/www.tsv-assamstadt.de\/index.php?rest_route=%2Fwp%2Fv2%2Fcategories&post=12237"},{"taxonomy":"post_tag","embeddable":true,"href":"https:\/\/www.tsv-assamstadt.de\/index.php?rest_route=%2Fwp%2Fv2%2Ftags&post=12237"}],"curies":[{"name":"wp","href":"https:\/\/api.w.org\/{rel}","templated":true}]}}