{"id":10629,"date":"2022-05-09T08:40:22","date_gmt":"2022-05-09T06:40:22","guid":{"rendered":"https:\/\/www.tsv-assamstadt.de\/?p=10629"},"modified":"2022-05-09T08:40:23","modified_gmt":"2022-05-09T06:40:23","slug":"enttaeuschender-start-ins-jahr-2022-2-2-2","status":"publish","type":"post","link":"https:\/\/www.tsv-assamstadt.de\/?p=10629","title":{"rendered":"Langsam wirds eng&#8230;"},"content":{"rendered":"\n<p><strong>FSV Waldbrunn &#8211; TSV Assamstadt\u00a0 3:2<\/strong><\/p>\n<p>Es hat nicht sollen sein:\u00a0<\/p>\n<p>Nach der weiten Anreise nach Waldbrunn erwartete uns ein direktes Abstiegsduell. Die punktgleiche Heimmannschaft empfing uns bei strahlendem Sonnenschein f\u00fcr ein wegweisendes Spiel.\u00a0<\/p>\n<p>Wir kamen nicht von Anfang an in die Partie, weshalb wir nach einem schlechten Einwurf schon in der 16. Minute mit 1:0 hinten liegen. Ein Fernschuss des FSV-Spielers schlug im Tornetz ein. Dennoch lie\u00dfen wir die K\u00f6pfe nicht h\u00e4ngen und spielten immer mutiger nach vorne. Durch die schlecht gestaffelte Dreierkette in der Abwehr der G\u00e4ste ergaben sich auf der Au\u00dfenbahn immer wieder gro\u00dfe R\u00e4ume. In der 41. Minute konnten wir diese nutzen, als sich Max M\u00fcnch im 16er stark an der Grundlinie durchtankte und dann vor dem Tor querlegte. Andreas Rupp war es, der den Ball im Tor unterbrachte.\u00a0<\/p>\n<p>Nach der Halbzeit waren wir wiederum die spielbestimmende Mannschaft. Wir liefen die Gegner im Minutentakt an und sie bekamen keine M\u00f6glichkeit sich in der Defensive auszuruhen. Dennoch konnten wir von unseren hochkar\u00e4tigen Torchancen keine verwerten &#8211; bis zur 81. Minute, als Max M\u00fcnch das zweite Tor f\u00fcr uns erzielte. Waldbrunn lie\u00df die K\u00f6pfe h\u00e4ngen und es schien so als w\u00e4re die Luft raus. In Folge hatten wir sehr viele vielversprechende M\u00f6glichkeiten den Ball im gegnerischen Tor unterzubringen &#8211; Leichtsinn und mangelnde Konzentration f\u00fchrten dazu, dass wir die Gegner selbst ins Spiel brachten.\u00a0<\/p>\n<p>Nach einem unn\u00f6tigen Foul in der eigenen H\u00e4lfte war es ein Abwehrspieler des FSV, der den Ball per Kopf zum 2:2 im Tor unterbrachte. Die Heimmannschaft bekam R\u00fcckenwind und spielte nach vorne. W\u00e4hrend dieser Phase ergaben sich uns gro\u00dfe R\u00e4ume und wir bekamen viele Torchancen &#8211; wir agierten zu hastig, nicht konzentriert genug und nerv\u00f6s vor dem Tor: der F\u00fchrungstreffer blieb aus.\u00a0<\/p>\n<p>Wie hei\u00dft es so sch\u00f6n: es kam wie es kommen musste.\u00a0<\/p>\n<p>Nach einem langen Ball und Unordnung in der TSV-Abwehr bekam ein FSV-Akteur nach verlorenem Kopfballduell am 16er den Ball. Er schloss ab &#8211; \u00fcber unseren Keeper &#8211; und erzielte in der 91. Minute den 3:2 Siegtreffer f\u00fcr den FSV Waldbrunn.\u00a0<\/p>\n<p>Die Niederlage in einem solch wichtigen Spiel haben wir uns selbst zuzuschreiben. Nach Spieltag 4 von 9 in der Abstiegsrunde der Landesliga fehlen uns nun 7 Punkte auf einen Nicht-Abstiegsplatz &#8211; das wird noch ein hartes St\u00fcck Arbeit.\u00a0<\/p>\n<p>N\u00e4chste Woche spielen wir auf dem Hohen Stutz gegen den Vorletzten FV Elztal.\u00a0<\/p>\n<p><strong>Vorschau:\u00a0 <\/strong><\/p>\n<p>Sonntag, 15. Mai um 15:00 Uhr<\/p>\n<p>TSV Assamstadt &#8211; FV Elztal\u00a0<\/p>\n","protected":false},"excerpt":{"rendered":"<p>Entt\u00e4uschender Start ins Jahr 2022<\/p>\n","protected":false},"author":37,"featured_media":9990,"comment_status":"closed","ping_status":"closed","sticky":false,"template":"","format":"standard","meta":{"ngg_post_thumbnail":0,"jetpack_post_was_ever_published":false,"_jetpack_newsletter_access":"","_jetpack_dont_email_post_to_subs":false,"_jetpack_newsletter_tier_id":0,"_jetpack_memberships_contains_paywalled_content":false,"_jetpack_memberships_contains_paid_content":false,"footnotes":"","jetpack_publicize_message":"","jetpack_publicize_feature_enabled":true,"jetpack_social_post_already_shared":true,"jetpack_social_options":{"image_generator_settings":{"template":"highway","default_image_id":0,"font":"","enabled":false},"version":2}},"categories":[2,1,69],"tags":[66],"class_list":["post-10629","post","type-post","status-publish","format-standard","has-post-thumbnail","hentry","category-1-mannschaft","category-allgemein","category-fusball","tag-highlight"],"jetpack_publicize_connections":[],"jetpack_featured_media_url":"https:\/\/www.tsv-assamstadt.de\/wp-content\/uploads\/2021\/10\/1-Mannschaft_2021_09_19-min-scaled.jpg","jetpack_sharing_enabled":true,"jetpack_shortlink":"https:\/\/wp.me\/pcugUJ-2Lr","_links":{"self":[{"href":"https:\/\/www.tsv-assamstadt.de\/index.php?rest_route=\/wp\/v2\/posts\/10629","targetHints":{"allow":["GET"]}}],"collection":[{"href":"https:\/\/www.tsv-assamstadt.de\/index.php?rest_route=\/wp\/v2\/posts"}],"about":[{"href":"https:\/\/www.tsv-assamstadt.de\/index.php?rest_route=\/wp\/v2\/types\/post"}],"author":[{"embeddable":true,"href":"https:\/\/www.tsv-assamstadt.de\/index.php?rest_route=\/wp\/v2\/users\/37"}],"replies":[{"embeddable":true,"href":"https:\/\/www.tsv-assamstadt.de\/index.php?rest_route=%2Fwp%2Fv2%2Fcomments&post=10629"}],"version-history":[{"count":0,"href":"https:\/\/www.tsv-assamstadt.de\/index.php?rest_route=\/wp\/v2\/posts\/10629\/revisions"}],"wp:featuredmedia":[{"embeddable":true,"href":"https:\/\/www.tsv-assamstadt.de\/index.php?rest_route=\/wp\/v2\/media\/9990"}],"wp:attachment":[{"href":"https:\/\/www.tsv-assamstadt.de\/index.php?rest_route=%2Fwp%2Fv2%2Fmedia&parent=10629"}],"wp:term":[{"taxonomy":"category","embeddable":true,"href":"https:\/\/www.tsv-assamstadt.de\/index.php?rest_route=%2Fwp%2Fv2%2Fcategories&post=10629"},{"taxonomy":"post_tag","embeddable":true,"href":"https:\/\/www.tsv-assamstadt.de\/index.php?rest_route=%2Fwp%2Fv2%2Ftags&post=10629"}],"curies":[{"name":"wp","href":"https:\/\/api.w.org\/{rel}","templated":true}]}}